{"id":977,"date":"2013-03-28T14:34:00","date_gmt":"2013-03-28T17:34:00","guid":{"rendered":"http:\/\/www.sindsaudeba.org.br\/novo\/?p=977"},"modified":"2019-12-13T18:00:28","modified_gmt":"2019-12-13T21:00:28","slug":"agenda-comemorativa-pelo-dia-mundial-da-saude","status":"publish","type":"post","link":"https:\/\/sindsaudeba.org.br\/portal\/blog\/agenda-comemorativa-pelo-dia-mundial-da-saude\/","title":{"rendered":"Agenda comemorativa pelo Dia Mundial da Sa\u00fade"},"content":{"rendered":"<p><strong>Uma agenda de atividades marca a semana comemorativa pelo Dia Mundial da Sa\u00fade. As atividades de mobiliza\u00e7\u00e3o ser\u00e3o iniciadas na pr\u00f3xima segunda-feira (1\u00ba) e seguem at\u00e9 o domingo (7), dia em que \u00e9 festejada a data, com a\u00e7\u00f5es nas unidades de sa\u00fade da capital e interior do estado. <\/strong><br \/>\n<strong>Dia 1\u00ba de abril \u2013<\/strong> Reuni\u00e3o com a Secretaria de Sa\u00fade do Estado e Centro de Estudos da Sa\u00fade do Trabalhador (CESAT),<br \/>\n<strong>Dia 02 de abril \u2013 <\/strong>Reuni\u00e3o com os servidores do Hospital Geral Jo\u00e3o Batista Carib\u00e9, \u00e0s 9horas.<br \/>\n<strong>Dia 03 de abril- <\/strong>Mobiliza\u00e7\u00e3o dos Servidores do CAS \u2013 Centro de Aten\u00e7\u00e3o \u00e0 Sa\u00fade Prof. Dr. Jos\u00e9 Maria de Magalh\u00e3es Netto, em protesto contra a falta de debate, por parte da Sesab, sobre a implanta\u00e7\u00e3o do cart\u00e3o de ponto na unidade, \u00e0s 10 horas.<br \/>\n<strong>Dia 04 de abril<\/strong> \u2013 Mobiliza\u00e7\u00e3o dos servidores do Hospital Cl\u00e9riston Andrade, \u00e0s 9h<br \/>\n<strong>Dia 05 de abril \u2013 <\/strong>Caminhada do Campo Grande \u00e0 Piedade, \u00e0s 9h, com a participa\u00e7\u00e3o do Sindsa\u00fade, Sindimed, Assufba, entidades de sa\u00fade e movimentos sociais.<strong> <\/strong><\/p>\n","protected":false},"excerpt":{"rendered":"<p>Uma agenda de atividades marca a semana comemorativa pelo Dia Mundial da Sa\u00fade. As atividades de mobiliza\u00e7\u00e3o ser\u00e3o iniciadas na pr\u00f3xima segunda-feira (1\u00ba) e seguem at\u00e9 o domingo (7), dia em que \u00e9 festejada a data, com a\u00e7\u00f5es nas unidades de sa\u00fade da capital e&#8230;<\/p>\n","protected":false},"author":2,"featured_media":981,"comment_status":"open","ping_status":"open","sticky":false,"template":"","format":"standard","meta":[],"categories":[11],"tags":[],"amp_validity":null,"amp_enabled":true,"_links":{"self":[{"href":"https:\/\/sindsaudeba.org.br\/portal\/wp-json\/wp\/v2\/posts\/977"}],"collection":[{"href":"https:\/\/sindsaudeba.org.br\/portal\/wp-json\/wp\/v2\/posts"}],"about":[{"href":"https:\/\/sindsaudeba.org.br\/portal\/wp-json\/wp\/v2\/types\/post"}],"author":[{"embeddable":true,"href":"https:\/\/sindsaudeba.org.br\/portal\/wp-json\/wp\/v2\/users\/2"}],"replies":[{"embeddable":true,"href":"https:\/\/sindsaudeba.org.br\/portal\/wp-json\/wp\/v2\/comments?post=977"}],"version-history":[{"count":1,"href":"https:\/\/sindsaudeba.org.br\/portal\/wp-json\/wp\/v2\/posts\/977\/revisions"}],"predecessor-version":[{"id":14559,"href":"https:\/\/sindsaudeba.org.br\/portal\/wp-json\/wp\/v2\/posts\/977\/revisions\/14559"}],"wp:featuredmedia":[{"embeddable":true,"href":"https:\/\/sindsaudeba.org.br\/portal\/wp-json\/wp\/v2\/media\/981"}],"wp:attachment":[{"href":"https:\/\/sindsaudeba.org.br\/portal\/wp-json\/wp\/v2\/media?parent=977"}],"wp:term":[{"taxonomy":"category","embeddable":true,"href":"https:\/\/sindsaudeba.org.br\/portal\/wp-json\/wp\/v2\/categories?post=977"},{"taxonomy":"post_tag","embeddable":true,"href":"https:\/\/sindsaudeba.org.br\/portal\/wp-json\/wp\/v2\/tags?post=977"}],"curies":[{"name":"wp","href":"https:\/\/api.w.org\/{rel}","templated":true}]}}