{"id":970,"date":"2013-03-28T13:09:08","date_gmt":"2013-03-28T16:09:08","guid":{"rendered":"http:\/\/www.sindsaudeba.org.br\/novo\/?p=970"},"modified":"2019-12-13T18:00:28","modified_gmt":"2019-12-13T21:00:28","slug":"sindsaude-e-servidores-de-mucuge-iniciam-luta-pelo-pccv","status":"publish","type":"post","link":"https:\/\/sindsaudeba.org.br\/portal\/blog\/sindsaude-e-servidores-de-mucuge-iniciam-luta-pelo-pccv\/","title":{"rendered":"Sindsa\u00fade e servidores de Mucug\u00ea iniciam luta pelo PCCV"},"content":{"rendered":"<p><a href=\"http:\/\/www.sindsaudeba.org.br\/novo\/wp-content\/uploads\/2013\/03\/sindsaude12.jpg\"><img loading=\"lazy\" class=\"alignleft size-medium wp-image-975\" title=\"sindsaude1\" src=\"http:\/\/www.sindsaudeba.org.br\/novo\/wp-content\/uploads\/2013\/03\/sindsaude12-300x225.jpg\" alt=\"\" width=\"300\" height=\"225\" \/><\/a>Diretores do Sindsa\u00fade-Ba mais uma vez foram recebidos pelos servidores de Sa\u00fade do munic\u00edpio de Mucug\u00ea, na Chapada Diamantina, no dia 21 de mar\u00e7o. A reuni\u00e3o ocorreu no in\u00edcio da noite, no plen\u00e1rio da C\u00e2mara de Vereadores, com grande participa\u00e7\u00e3o e interatividade, consolidando a confian\u00e7a da categoria na sua entidade representativa.<br \/>\n<span style=\"font-size: large\">Entre outras preocupa\u00e7\u00f5es manifestadas no encontro, estava a recupera\u00e7\u00e3o salarial com valoriza\u00e7\u00e3o do servidor atrav\u00e9s da promo\u00e7\u00e3o e progress\u00e3o.<\/span><br \/>\n<span style=\"font-size: large\">Esta foi a segunda visita ao munic\u00edpio. A primeira ocorreu em julho de 2012, quando a categoria foi esclarecida acerca da representa\u00e7\u00e3o sindical no munic\u00edpio. Os diretores Dijalma Rossi e Ivanilda Brito enfatizaram a import\u00e2ncia da uni\u00e3o dos servidores no processo de luta por melhorias das condi\u00e7\u00f5es de trabalho e sal\u00e1rios.<\/span><br \/>\n<span style=\"font-size: large\">Foi constitu\u00edda a comiss\u00e3o de constru\u00e7\u00e3o e acompanhamento do PCCV,\u00a0<\/span>formada por Rog\u00e9rio, Gracinha, Francisco, Maria e Noelma,\u00a0que iniciou os trabalhos j\u00e1 no dia seguinte (22\/03) com a participa\u00e7\u00e3o em audi\u00eancia com a secret\u00e1ria da Sa\u00fade, Silvana, \u00e0s 15 horas.<br \/>\n<span style=\"font-size: large\">Na Secretaria da Sa\u00fade os diretores e a comiss\u00e3o debateram principalmente as dificuldades vivenciadas pela inexist\u00eancia do PCCV no munic\u00edpio, o que vem gerando uma rela\u00e7\u00e3o salarial irregular.<\/span><br \/>\n<span style=\"font-size: large\">Os diretores e servidores consideraram positiva a reuni\u00e3o com a secret\u00e1ria de Sa\u00fade, que demonstrou os compromissos da gest\u00e3o e prometeu contribuir para que tudo avance dentro da maior brevidade com a parceria entre governo municipal, sindicato e trabalhadores. Ficou definido que a gest\u00e3o ir\u00e1 providenciar alguns documentos para iniciar j\u00e1 o processo de discuss\u00e3o e constru\u00e7\u00e3o do PCCV, ficando ainda o sindicato de, na pr\u00f3xima reuni\u00e3o, apresentar proposta de minuta e tabela salarial levando em conta as condi\u00e7\u00f5es financeiras do munic\u00edpio.<\/span><br \/>\n<span style=\"font-size: large\">Ao final, ficou acertado que a prefeita de Mucug\u00ea, Ana Medrado, agendar\u00e1 uma reuni\u00e3o na qual ela esteja presente, at\u00e9 o fim da segunda quinzena de abril, com o objetivo de discutir as propostas para alavancar os primeiros resultados positivas.<\/span><br \/>\n<span style=\"font-size: large\"><br \/>\n<\/span><\/p>\n","protected":false},"excerpt":{"rendered":"<p>Diretores do Sindsa\u00fade-Ba mais uma vez foram recebidos pelos servidores de Sa\u00fade do munic\u00edpio de Mucug\u00ea, na Chapada Diamantina, no dia 21 de mar\u00e7o. A reuni\u00e3o ocorreu no in\u00edcio da noite, no plen\u00e1rio da C\u00e2mara de Vereadores, com grande participa\u00e7\u00e3o e interatividade, consolidando a confian\u00e7a&#8230;<\/p>\n","protected":false},"author":2,"featured_media":971,"comment_status":"open","ping_status":"open","sticky":false,"template":"","format":"standard","meta":[],"categories":[8],"tags":[],"amp_validity":null,"amp_enabled":true,"_links":{"self":[{"href":"https:\/\/sindsaudeba.org.br\/portal\/wp-json\/wp\/v2\/posts\/970"}],"collection":[{"href":"https:\/\/sindsaudeba.org.br\/portal\/wp-json\/wp\/v2\/posts"}],"about":[{"href":"https:\/\/sindsaudeba.org.br\/portal\/wp-json\/wp\/v2\/types\/post"}],"author":[{"embeddable":true,"href":"https:\/\/sindsaudeba.org.br\/portal\/wp-json\/wp\/v2\/users\/2"}],"replies":[{"embeddable":true,"href":"https:\/\/sindsaudeba.org.br\/portal\/wp-json\/wp\/v2\/comments?post=970"}],"version-history":[{"count":1,"href":"https:\/\/sindsaudeba.org.br\/portal\/wp-json\/wp\/v2\/posts\/970\/revisions"}],"predecessor-version":[{"id":14560,"href":"https:\/\/sindsaudeba.org.br\/portal\/wp-json\/wp\/v2\/posts\/970\/revisions\/14560"}],"wp:featuredmedia":[{"embeddable":true,"href":"https:\/\/sindsaudeba.org.br\/portal\/wp-json\/wp\/v2\/media\/971"}],"wp:attachment":[{"href":"https:\/\/sindsaudeba.org.br\/portal\/wp-json\/wp\/v2\/media?parent=970"}],"wp:term":[{"taxonomy":"category","embeddable":true,"href":"https:\/\/sindsaudeba.org.br\/portal\/wp-json\/wp\/v2\/categories?post=970"},{"taxonomy":"post_tag","embeddable":true,"href":"https:\/\/sindsaudeba.org.br\/portal\/wp-json\/wp\/v2\/tags?post=970"}],"curies":[{"name":"wp","href":"https:\/\/api.w.org\/{rel}","templated":true}]}}