{"id":965,"date":"2013-03-28T12:15:15","date_gmt":"2013-03-28T15:15:15","guid":{"rendered":"http:\/\/www.sindsaudeba.org.br\/novo\/?p=965"},"modified":"2019-12-13T18:00:28","modified_gmt":"2019-12-13T21:00:28","slug":"servidores-do-hgca-realizam-mobilizacao-em-comemoracao-ao-dia-mundial-da-saude-no-proximo-dia-44","status":"publish","type":"post","link":"https:\/\/sindsaudeba.org.br\/portal\/blog\/servidores-do-hgca-realizam-mobilizacao-em-comemoracao-ao-dia-mundial-da-saude-no-proximo-dia-44\/","title":{"rendered":"Servidores do HGCA realizam mobiliza\u00e7\u00e3o em comemora\u00e7\u00e3o ao Dia Mundial da Sa\u00fade no pr\u00f3ximo dia 4\/4"},"content":{"rendered":"<p><a href=\"http:\/\/www.sindsaudeba.org.br\/novo\/wp-content\/uploads\/2013\/03\/hgca2.jpg\"><img loading=\"lazy\" class=\"alignleft size-medium wp-image-967\" title=\"hgca2\" src=\"http:\/\/www.sindsaudeba.org.br\/novo\/wp-content\/uploads\/2013\/03\/hgca2-300x225.jpg\" alt=\"\" width=\"300\" height=\"225\" \/><\/a>Antecipando as comemora\u00e7\u00f5es pelo Dia Mundial da Sa\u00fade, os servidores do Hospital Geral Cl\u00e9riston Andrade, em Feira de Santana, realizam uma mobiliza\u00e7\u00e3o no pr\u00f3ximo dia 4 de abril, dando continuidade \u00e0 luta contra a privatiza\u00e7\u00e3o da unidade. O protesto ser\u00e1 realizado em frente ao HGCA, \u00e0s 9h.<br \/>\nDurante o ato, os trabalhadores distribuir\u00e3o uma carta aberta \u00e0 popula\u00e7\u00e3o e realizar\u00e3o servi\u00e7os gratuitos que s\u00e3o desenvolvidos nas unidades de sa\u00fade, como o teste de glicemia r\u00e1pido e a medi\u00e7\u00e3o da press\u00e3o arterial, refor\u00e7ando o tema sugerido pela Organiza\u00e7\u00e3o Mundial de Sa\u00fade (OMS) deste ano, que \u00e9 a import\u00e2ncia para a preven\u00e7\u00e3o da hipertens\u00e3o.<br \/>\nOs trabalhadores do HGCA v\u00e3o aproveitar a data para chamar aten\u00e7\u00e3o da necessidade de melhoria das condi\u00e7\u00f5es de trabalho e fortalecimento do Sistema \u00danico de Sa\u00fade (SUS). Participe dessa luta voc\u00ea tamb\u00e9m!<\/p>\n","protected":false},"excerpt":{"rendered":"<p>Antecipando as comemora\u00e7\u00f5es pelo Dia Mundial da Sa\u00fade, os servidores do Hospital Geral Cl\u00e9riston Andrade, em Feira de Santana, realizam uma mobiliza\u00e7\u00e3o no pr\u00f3ximo dia 4 de abril, dando continuidade \u00e0 luta contra a privatiza\u00e7\u00e3o da unidade. O protesto ser\u00e1 realizado em frente ao HGCA,&#8230;<\/p>\n","protected":false},"author":2,"featured_media":966,"comment_status":"open","ping_status":"open","sticky":false,"template":"","format":"standard","meta":[],"categories":[8],"tags":[],"amp_validity":null,"amp_enabled":true,"_links":{"self":[{"href":"https:\/\/sindsaudeba.org.br\/portal\/wp-json\/wp\/v2\/posts\/965"}],"collection":[{"href":"https:\/\/sindsaudeba.org.br\/portal\/wp-json\/wp\/v2\/posts"}],"about":[{"href":"https:\/\/sindsaudeba.org.br\/portal\/wp-json\/wp\/v2\/types\/post"}],"author":[{"embeddable":true,"href":"https:\/\/sindsaudeba.org.br\/portal\/wp-json\/wp\/v2\/users\/2"}],"replies":[{"embeddable":true,"href":"https:\/\/sindsaudeba.org.br\/portal\/wp-json\/wp\/v2\/comments?post=965"}],"version-history":[{"count":1,"href":"https:\/\/sindsaudeba.org.br\/portal\/wp-json\/wp\/v2\/posts\/965\/revisions"}],"predecessor-version":[{"id":14561,"href":"https:\/\/sindsaudeba.org.br\/portal\/wp-json\/wp\/v2\/posts\/965\/revisions\/14561"}],"wp:featuredmedia":[{"embeddable":true,"href":"https:\/\/sindsaudeba.org.br\/portal\/wp-json\/wp\/v2\/media\/966"}],"wp:attachment":[{"href":"https:\/\/sindsaudeba.org.br\/portal\/wp-json\/wp\/v2\/media?parent=965"}],"wp:term":[{"taxonomy":"category","embeddable":true,"href":"https:\/\/sindsaudeba.org.br\/portal\/wp-json\/wp\/v2\/categories?post=965"},{"taxonomy":"post_tag","embeddable":true,"href":"https:\/\/sindsaudeba.org.br\/portal\/wp-json\/wp\/v2\/tags?post=965"}],"curies":[{"name":"wp","href":"https:\/\/api.w.org\/{rel}","templated":true}]}}