{"id":953,"date":"2013-03-26T12:34:19","date_gmt":"2013-03-26T15:34:19","guid":{"rendered":"http:\/\/www.sindsaudeba.org.br\/novo\/?p=953"},"modified":"2019-12-13T18:00:28","modified_gmt":"2019-12-13T21:00:28","slug":"sem-debate-com-sesab-sobre-cartao-de-ponto-servidores-do-cas-agendam-manifestacao","status":"publish","type":"post","link":"https:\/\/sindsaudeba.org.br\/portal\/blog\/sem-debate-com-sesab-sobre-cartao-de-ponto-servidores-do-cas-agendam-manifestacao\/","title":{"rendered":"Sem debate com Sesab sobre cart\u00e3o de ponto, servidores do CAS agendam manifesta\u00e7\u00e3o"},"content":{"rendered":"<p>Servidores do CAS \u2013 Centro de Aten\u00e7\u00e3o \u00e0 Sa\u00fade Prof. Dr. Jos\u00e9 Maria de Magalh\u00e3es Netto, realizar\u00e3o uma mobiliza\u00e7\u00e3o, na pr\u00f3xima quarta-feira (3\/4), para protestar contra a falta de debate, por parte da Sesab, sobre a implanta\u00e7\u00e3o do cart\u00e3o de ponto na unidade. A decis\u00e3o foi deliberada em reuni\u00e3o realizada na \u00faltima segunda-feira (25\/03), porque nenhum representante do governo compareceu para prestar informa\u00e7\u00f5es sobre o novo sistema. O protesto ser\u00e1 realizado em frente ao CAS, \u00e0s 10 horas.<br \/>\nA Sesab n\u00e3o atendeu ao pedido do oficio encaminhado pelo Sindsa\u00fade-Ba, no \u00faltimo dia 21 de mar\u00e7o, solicitando a presen\u00e7a de representantes do \u00f3rg\u00e3o para esclarecer as principais d\u00favidas dos servidores sobre as novas regras do cart\u00e3o de ponto. Os trabalhadores do CAS tamb\u00e9m decidiram suspender o registro de frequ\u00eancia at\u00e9 que uma reuni\u00e3o com o governo seja agendada.<br \/>\nOs servidores querem esclarecimentos sobre a necessidade da mudan\u00e7a nas escalas de trabalho. Eles alegam que as altera\u00e7\u00f5es s\u00e3o inflex\u00edveis e n\u00e3o foram aplicadas, de forma igualit\u00e1ria, em todas as unidades que funcionam dentro do CAS. Pela nova escala, o hor\u00e1rio de trabalho dos funcion\u00e1rios foi escalonada e muitos s\u00e3o obrigados a permanecer na unidade at\u00e9 depois das 18 horas, quando j\u00e1 n\u00e3o h\u00e1 demanda de pacientes, e o risco de inseguran\u00e7a na localidade \u00e9 maior.<\/p>\n","protected":false},"excerpt":{"rendered":"<p>Servidores do CAS \u2013 Centro de Aten\u00e7\u00e3o \u00e0 Sa\u00fade Prof. Dr. Jos\u00e9 Maria de Magalh\u00e3es Netto, realizar\u00e3o uma mobiliza\u00e7\u00e3o, na pr\u00f3xima quarta-feira (3\/4), para protestar contra a falta de debate, por parte da Sesab, sobre a implanta\u00e7\u00e3o do cart\u00e3o de ponto na unidade. A decis\u00e3o&#8230;<\/p>\n","protected":false},"author":2,"featured_media":957,"comment_status":"open","ping_status":"open","sticky":false,"template":"","format":"standard","meta":[],"categories":[11],"tags":[],"amp_validity":null,"amp_enabled":true,"_links":{"self":[{"href":"https:\/\/sindsaudeba.org.br\/portal\/wp-json\/wp\/v2\/posts\/953"}],"collection":[{"href":"https:\/\/sindsaudeba.org.br\/portal\/wp-json\/wp\/v2\/posts"}],"about":[{"href":"https:\/\/sindsaudeba.org.br\/portal\/wp-json\/wp\/v2\/types\/post"}],"author":[{"embeddable":true,"href":"https:\/\/sindsaudeba.org.br\/portal\/wp-json\/wp\/v2\/users\/2"}],"replies":[{"embeddable":true,"href":"https:\/\/sindsaudeba.org.br\/portal\/wp-json\/wp\/v2\/comments?post=953"}],"version-history":[{"count":1,"href":"https:\/\/sindsaudeba.org.br\/portal\/wp-json\/wp\/v2\/posts\/953\/revisions"}],"predecessor-version":[{"id":14563,"href":"https:\/\/sindsaudeba.org.br\/portal\/wp-json\/wp\/v2\/posts\/953\/revisions\/14563"}],"wp:featuredmedia":[{"embeddable":true,"href":"https:\/\/sindsaudeba.org.br\/portal\/wp-json\/wp\/v2\/media\/957"}],"wp:attachment":[{"href":"https:\/\/sindsaudeba.org.br\/portal\/wp-json\/wp\/v2\/media?parent=953"}],"wp:term":[{"taxonomy":"category","embeddable":true,"href":"https:\/\/sindsaudeba.org.br\/portal\/wp-json\/wp\/v2\/categories?post=953"},{"taxonomy":"post_tag","embeddable":true,"href":"https:\/\/sindsaudeba.org.br\/portal\/wp-json\/wp\/v2\/tags?post=953"}],"curies":[{"name":"wp","href":"https:\/\/api.w.org\/{rel}","templated":true}]}}