{"id":934,"date":"2013-03-21T12:34:00","date_gmt":"2013-03-21T15:34:00","guid":{"rendered":"http:\/\/www.sindsaudeba.org.br\/novo\/?p=934"},"modified":"2019-12-13T18:00:28","modified_gmt":"2019-12-13T21:00:28","slug":"servidores-do-manoel-victorino-dizem-nao-a-privatizacao","status":"publish","type":"post","link":"https:\/\/sindsaudeba.org.br\/portal\/blog\/servidores-do-manoel-victorino-dizem-nao-a-privatizacao\/","title":{"rendered":"Servidores do Manoel Victorino  dizem \u201cN\u00e3o \u00e0 privatiza\u00e7\u00e3o!\u201d"},"content":{"rendered":"<p><a href=\"http:\/\/www.sindsaudeba.org.br\/novo\/wp-content\/uploads\/2013\/03\/site31.jpg\"><img loading=\"lazy\" class=\"alignleft size-medium wp-image-936\" title=\"site3\" src=\"http:\/\/www.sindsaudeba.org.br\/novo\/wp-content\/uploads\/2013\/03\/site31-300x225.jpg\" alt=\"\" width=\"300\" height=\"225\" \/><\/a>Em protesto contra a privatiza\u00e7\u00e3o do Hospital Manoel Victorino, um dos mais tradicionais da rede p\u00fablica do Estado, localizado no bairro de Nazar\u00e9, servidores da unidade e dirigentes do Sindsa\u00fade-Ba promoveram manifesta\u00e7\u00e3o na manh\u00e3 desta quinta-feira (21), chamando a aten\u00e7\u00e3o da popula\u00e7\u00e3o para o risco que o modelo de gest\u00e3o via terceiriza\u00e7\u00e3o por Organiza\u00e7\u00e3o Social (OS) representa. \u201cN\u00e3o queremos que o governo fa\u00e7a leil\u00e3o com os hospitais p\u00fablicos da Bahia, investindo dinheiro para repassar \u00e0 iniciativa privada\u201d, alertou a presidente da entidade, Inalba Fontenelle.<br \/>\nO Manoel Victorino \u00e9 refer\u00eancia em ortopedia e traumatologia. \u201c\u00c9 o \u00fanico hospital de retaguarda nessas especialidades para a rede estadual\u201d, frisou Inalba, ressaltando que a mudan\u00e7a de gest\u00e3o poder\u00e1 acarretar preju\u00edzos aos pacientes. O Sindsa\u00fade sugeriu e foi acatada a realiza\u00e7\u00e3o de uma caminhada ao Minist\u00e9rio P\u00fablico, em data a ser agendada, para solicitar acompanhamento e posicionamento sobre a pol\u00edtica de privatiza\u00e7\u00e3o que a Sesab vem adotando, sem discuss\u00e3o com servidores, entidades da \u00e1rea ou representa\u00e7\u00e3o dos usu\u00e1rios. Em janeiro, o sindicato protocolou no MP uma den\u00fancia sobre o processo e at\u00e9 o momento n\u00e3o recebeu um parecer.<br \/>\nOs manifestantes promoveram r\u00e1pidas interrup\u00e7\u00f5es do tr\u00e2nsito para chamar aten\u00e7\u00e3o da popula\u00e7\u00e3o, com pronunciamentos de servidores e pacientes e distribui\u00e7\u00e3o de uma carta aberta com os argumentos contr\u00e1rios \u00e0 terceiriza\u00e7\u00e3o. De acordo com o documento, o processo consiste na transfer\u00eancia das instala\u00e7\u00f5es, equipamentos e recursos financeiros p\u00fablicos para uma institui\u00e7\u00e3o privada, \u201cdesobrigada de obedecer \u00e0s normas do servi\u00e7o p\u00fablico para contrata\u00e7\u00e3o de pessoal, compras e servi\u00e7os\u201d. Para exemplificar, Inalba Fontenelle citou o Hospital S\u00e3o Jorge, na Cidade Baixa, terceirizado em 2009 pelas Obras Sociais Irm\u00e3 Dulce, no valor de R$13,1 milh\u00f5es: \u201cA unidade est\u00e1 praticamente paralisada e o Estado teve que investir recursos p\u00fablicos, agora, para reformar as instala\u00e7\u00f5es\u201d.<br \/>\nInsatisfeitos com a forma como foram tratados pela Sesab, que adotou de forma unilateral o novo modelo de gest\u00e3o, os servidores do Manoel Victorino cantaram: \u201cVoc\u00ea tratou com trai\u00e7\u00e3o, a quem sempre lhe deu a m\u00e3o\u201d.<\/p>\n","protected":false},"excerpt":{"rendered":"<p>Em protesto contra a privatiza\u00e7\u00e3o do Hospital Manoel Victorino, um dos mais tradicionais da rede p\u00fablica do Estado, localizado no bairro de Nazar\u00e9, servidores da unidade e dirigentes do Sindsa\u00fade-Ba promoveram manifesta\u00e7\u00e3o na manh\u00e3 desta quinta-feira (21), chamando a aten\u00e7\u00e3o da popula\u00e7\u00e3o para o risco&#8230;<\/p>\n","protected":false},"author":2,"featured_media":935,"comment_status":"open","ping_status":"open","sticky":false,"template":"","format":"standard","meta":[],"categories":[11],"tags":[],"amp_validity":null,"amp_enabled":true,"_links":{"self":[{"href":"https:\/\/sindsaudeba.org.br\/portal\/wp-json\/wp\/v2\/posts\/934"}],"collection":[{"href":"https:\/\/sindsaudeba.org.br\/portal\/wp-json\/wp\/v2\/posts"}],"about":[{"href":"https:\/\/sindsaudeba.org.br\/portal\/wp-json\/wp\/v2\/types\/post"}],"author":[{"embeddable":true,"href":"https:\/\/sindsaudeba.org.br\/portal\/wp-json\/wp\/v2\/users\/2"}],"replies":[{"embeddable":true,"href":"https:\/\/sindsaudeba.org.br\/portal\/wp-json\/wp\/v2\/comments?post=934"}],"version-history":[{"count":1,"href":"https:\/\/sindsaudeba.org.br\/portal\/wp-json\/wp\/v2\/posts\/934\/revisions"}],"predecessor-version":[{"id":14566,"href":"https:\/\/sindsaudeba.org.br\/portal\/wp-json\/wp\/v2\/posts\/934\/revisions\/14566"}],"wp:featuredmedia":[{"embeddable":true,"href":"https:\/\/sindsaudeba.org.br\/portal\/wp-json\/wp\/v2\/media\/935"}],"wp:attachment":[{"href":"https:\/\/sindsaudeba.org.br\/portal\/wp-json\/wp\/v2\/media?parent=934"}],"wp:term":[{"taxonomy":"category","embeddable":true,"href":"https:\/\/sindsaudeba.org.br\/portal\/wp-json\/wp\/v2\/categories?post=934"},{"taxonomy":"post_tag","embeddable":true,"href":"https:\/\/sindsaudeba.org.br\/portal\/wp-json\/wp\/v2\/tags?post=934"}],"curies":[{"name":"wp","href":"https:\/\/api.w.org\/{rel}","templated":true}]}}