{"id":9159,"date":"2017-12-04T16:20:13","date_gmt":"2017-12-04T19:20:13","guid":{"rendered":"http:\/\/www.sindsaudeba.org.br\/novo\/?p=9159"},"modified":"2019-12-13T17:44:21","modified_gmt":"2019-12-13T20:44:21","slug":"servidores-da-saftec-cobram-mudanca-para-o-mct","status":"publish","type":"post","link":"https:\/\/sindsaudeba.org.br\/portal\/blog\/servidores-da-saftec-cobram-mudanca-para-o-mct\/","title":{"rendered":"Servidores da SAFTEC cobram mudan\u00e7a para o MCT"},"content":{"rendered":"<p><strong><a href=\"http:\/\/www.sindsaudeba.org.br\/novo\/wp-content\/uploads\/2017\/12\/DSC_03832.jpg\"><img loading=\"lazy\" class=\"alignleft size-full wp-image-9162\" src=\"http:\/\/www.sindsaudeba.org.br\/novo\/wp-content\/uploads\/2017\/12\/DSC_03832.jpg\" alt=\"DSC_0383\" width=\"1500\" height=\"1000\" \/><\/a><\/strong>Fotos: Jo\u00e3o Ubaldo<br \/>\n&nbsp;<\/p>\n<p style=\"text-align: justify\"><span style=\"font-family: 'Arial','sans-serif'\">Em protesto realizado na manh\u00e3 desta segunda-feira (4) na Secretaria da Sa\u00fade (Sesab\/CAB), os servidores da Superintend\u00eancia de Assist\u00eancia Farmac\u00eautica de Ci\u00eancia e Tecnologia em Sa\u00fade (SAFTEC), em reuni\u00e3o dirigida pelo Sindsa\u00fade-Ba, cobraram da gest\u00e3o agilidade na transfer\u00eancia do setor para o Museu de Ci\u00eancia e Tecnologia (MCT), no Imbu\u00ed. Trabalhando em instala\u00e7\u00f5es prec\u00e1rias desde o inc\u00eandio ocorrido em 2014, no antigo pr\u00e9dio da Secretaria de Justi\u00e7a e Direitos Humanos, os servidores est\u00e3o expostos a riscos e estresse.<\/span><\/p>\n<p style=\"text-align: justify\"><span style=\"font-family: 'Arial','sans-serif'\"><a href=\"http:\/\/www.sindsaudeba.org.br\/novo\/wp-content\/uploads\/2017\/12\/DSC_0416.jpg\"><img loading=\"lazy\" class=\"alignleft size-full wp-image-9163\" src=\"http:\/\/www.sindsaudeba.org.br\/novo\/wp-content\/uploads\/2017\/12\/DSC_0416.jpg\" alt=\"DSC_0416\" width=\"1500\" height=\"1000\" \/><\/a>Os trabalhadores deixaram claro a sua indigna\u00e7\u00e3o pela morosidade na transfer\u00eancia de setor, j\u00e1 que o espa\u00e7o encontra-se em condi\u00e7\u00f5es prec\u00e1rias de trabalho e oferece novo risco de inc\u00eandio. Al\u00e9m disso, eles est\u00e3o convivendo diariamente com os transtornos causados pela obra que est\u00e1 sendo realizada no primeiro andar do pr\u00e9dio, convivendo com muita poeira e ru\u00eddos, situa\u00e7\u00e3o considerada como insustent\u00e1vel e inaceit\u00e1vel pelos servidores. <\/span><\/p>\n<p style=\"text-align: justify\"><span style=\"font-family: 'Arial','sans-serif'\"><a href=\"http:\/\/www.sindsaudeba.org.br\/novo\/wp-content\/uploads\/2017\/12\/DSC_0413.jpg\"><img loading=\"lazy\" class=\"alignleft  wp-image-9164\" src=\"http:\/\/www.sindsaudeba.org.br\/novo\/wp-content\/uploads\/2017\/12\/DSC_0413.jpg\" alt=\"DSC_0413\" width=\"411\" height=\"274\" \/><\/a>Em fun\u00e7\u00e3o da mobiliza\u00e7\u00e3o, o chefe de gabinete Luiz Henrique Gonzales d\u2019Utra, o superintendente da SAFTEC, Luiz Cl\u00e1udio Guimar\u00e3es, e o assessor especial Nadson Oliveira receberam uma comiss\u00e3o formada pela vice-pesidente do Sindsa\u00fade, Tereza Deir\u00f3, a diretora Maria Leonor Carvalho e servidores. No encontro foi entregue of\u00edcio da entidade, dirigido ao secret\u00e1rio F\u00e1bio Vilas-Boas, exigindo um posicionamento urgente sobre a transfer\u00eancia para o MCT.<\/span><\/p>\n<p style=\"text-align: justify\"><span style=\"font-family: 'Arial','sans-serif'\">Tereza Deir\u00f3 resumiu o movimento, iniciado em julho pelo Sindsa\u00fade, defendendo a transfer\u00eancia de todos os setores lotados no pr\u00e9dio atingido pelo inc\u00eandio para um ambiente digno de trabalho. Lembrou que o cronograma inicial de mudan\u00e7as n\u00e3o foi cumprido pela gest\u00e3o, o que levou \u00e0 defini\u00e7\u00e3o do dia 30 de novembro como prazo m\u00e1ximo para uma resposta satisfat\u00f3ria, o que tamb\u00e9m n\u00e3o foi respeitado.<\/span><\/p>\n<p style=\"text-align: justify\"><span style=\"font-family: 'Arial','sans-serif'\"><a href=\"http:\/\/www.sindsaudeba.org.br\/novo\/wp-content\/uploads\/2017\/12\/DSC_0408.jpg\"><img loading=\"lazy\" class=\"alignleft  wp-image-9165\" src=\"http:\/\/www.sindsaudeba.org.br\/novo\/wp-content\/uploads\/2017\/12\/DSC_0408.jpg\" alt=\"DSC_0408\" width=\"399\" height=\"266\" \/><\/a>Indignados com o descaso os servidores decidiram continuar mobilizados e deixaram claro que a categoria n\u00e3o aceitar\u00e1 retroceder no processo de transfer\u00eancia para as novas instala\u00e7\u00f5es. Eles ressaltaram tamb\u00e9m que n\u00e3o aceitar\u00e1 a realiza\u00e7\u00e3o de enquetes pela Sesab, como forma de press\u00e3o. <\/span><\/p>\n<p style=\"text-align: justify\"><span style=\"font-family: 'Arial','sans-serif'\">A gest\u00e3o da Sesab se comprometeu em apresentar um calend\u00e1rio de mudan\u00e7a na manh\u00e3 desta quarta-feira (6\/12). Eles tamb\u00e9m afirmaram que v\u00e3o solicitar um novo laudo ao Corpo de Bombeiros, sobre o risco de inc\u00eandio no local, mesmo os laudos anteriores emitidos pela Defesa Civil j\u00e1 terem demonstrado condi\u00e7\u00f5es insalubrecom risco de novo acidente. <\/span><\/p>\n<p>&nbsp;<br \/>\n&nbsp;<br \/>\n<strong>Of\u00edcio<\/strong><br \/>\n&nbsp;<br \/>\nEis, na \u00edntegra, o documento enviado ao secret\u00e1rio nesta segunda-feira (4):<br \/>\n&nbsp;<br \/>\n&nbsp;<br \/>\n<em>Ilmo Sr Secret\u00e1rio da Sa\u00fade do Estado da Bahia<\/em><br \/>\n<em>Dr F\u00e1bio Villas Boas<\/em><br \/>\n<em>C\/C\u00a0 Dr Luiz Henrique Gonzales d\u2019Utra<\/em><br \/>\n<em>\u00a0Chefe de Gabinete da Secretaria<\/em><br \/>\n<em>\u00a0<\/em><br \/>\n<em>Prezado Secret\u00e1rio<\/em><br \/>\n<em>\u00a0<\/em><br \/>\n<em>Os trabalhadores(as) lotados na Superintend\u00eancia da Aten\u00e7\u00e3o Farmac\u00eautica Ci\u00eancia e Tecnologia &#8211; SAFTEC, junto ao Sindsa\u00fade-Ba, v\u00eam solicitar a V. Exa, provid\u00eancias urgentes no sentido da transfer\u00eancia desses trabalhadores para local que ofere\u00e7a seguran\u00e7a e condi\u00e7\u00f5es dignas de trabalho. Ressaltamos que no in\u00edcio do m\u00eas em curso foi acordado com o assessor especial, Dr Diego Alvarez (ainda no cargo \u00e0quela data), que o prazo limite para a mudan\u00e7a dos servidores para o Museu de Ci\u00eancias e Tecnologia (MCT), ap\u00f3s finaliza\u00e7\u00e3o das adequa\u00e7\u00f5es, seria dia 30\/11.<\/em><br \/>\n<em>Enviamos documento para V. Exa, com c\u00f3pia para o Dr Diego, comunicando que far\u00edamos Assembleia na mesma data, sendo o prazo para a SESAB efetuar a transfer\u00eancia do pessoal 29\/11. Entretanto, a SESAB em nada avan\u00e7ou quanto ao acordado. Em reuni\u00e3o com os trabalhadores(as) na data mencionada, foram feitas den\u00fancias de que alguns gestores da SAFTEC estariam fazendo &#8220;enquete&#8221; para que os trabalhadores manifestassem a vontade de mudar ou n\u00e3o. Os Trabalhadores(as) entendem que\u00a0 esse tipo de atitude se constitui em forma de press\u00e3o por tratar-se de suas chefias. Dessa forma decidiram, em reuni\u00e3o, que n\u00e3o aceitar\u00e3o &#8220;enquetes&#8221;, nem outras formas de press\u00e3o, tendo em vista o risco a que continuam expostos (no m\u00ednimo de um novo inc\u00eandio), como \u00e9 do conhecimento de V. Exa. <\/em><br \/>\n<em>Os trabalhadores(as) tamb\u00e9m expressam o sentimento de descaso da gest\u00e3o para com a gravidade da situa\u00e7\u00e3o. Ressaltamos que n\u00e3o se trata, ainda, de preven\u00e7\u00e3o pela realiza\u00e7\u00e3o da reforma total do pr\u00e9dio, cujo Edital e outros tr\u00e2mites j\u00e1 sabemos encontrar-se em andamento, e sim pelo mesmo risco que ocasionou o inc\u00eandio em novembro de 2014. A reforma do pr\u00e9dio ser\u00e1 muito bem-vinda, sem que nenhum trabalhador\u00a0 esteja ocupando aqueles espa\u00e7os, colocando suas vidas em risco. <\/em><br \/>\n<em>Necess\u00e1rio se faz que o secret\u00e1rio estabele\u00e7a algum di\u00e1logo com os trabalhadores e a entidade que lhes representa. Lembramos, quando da ocorr\u00eancia do inc\u00eandio, que a Secretaria de Justi\u00e7a e Direitos Humanos evacuou o pr\u00e9dio incendiado e colocou todos os seus trabalhadores em locais muito bons, dignos e com seguran\u00e7a.<\/em><br \/>\n<em>Diante do exposto, acrescentamos que a interlocu\u00e7\u00e3o com o Dr Luiz Henrique, ou outro assessor de V. Exa, seja sempre no sentido de n\u00e3o permitir que os trabalhadores(as) da SAFTEC, SUREGS e Auditoria, permane\u00e7am no\u00a0 pr\u00e9dio, que n\u00e3o oferece os m\u00ednimos requisitos de preven\u00e7\u00e3o de sinistro ou outros danos &#8211; j\u00e1 s\u00e3o in\u00fameros os computadores danificados por sobrecarga el\u00e9trica, \u00e1gua que sai de tubula\u00e7\u00f5es el\u00e9tricas, barulho causado por obras no primeiro andar, etc. Uma nova assembleia ser\u00e1 realizada no dia 04\/12 para decis\u00f5es conjuntas.<\/em><br \/>\n<em>Assim, solicitamos de V.Exa. audi\u00eancia no sentido de tratarmos, junto com uma comiss\u00e3o de trabalhadores(as), as quest\u00f5es em pauta. Dignidade, respeito e seguran\u00e7a \u00e9 o que os trabalhadores(as) merecem e exigem.<\/em><br \/>\n<em>No aguardo de vosso pronunciamento, renovamos nossa estima e considera\u00e7\u00e3o.<\/em><br \/>\n<em>Tereza Cristina Bomfim de Jesus Deir\u00f3<\/em><br \/>\n<em>(Vice-presidente do Sindsa\u00fade)<\/em><\/p>\n","protected":false},"excerpt":{"rendered":"<p>Fotos: Jo\u00e3o Ubaldo &nbsp; Em protesto realizado na manh\u00e3 desta segunda-feira (4) na Secretaria da Sa\u00fade (Sesab\/CAB), os servidores da Superintend\u00eancia de Assist\u00eancia Farmac\u00eautica de Ci\u00eancia e Tecnologia em Sa\u00fade (SAFTEC), em reuni\u00e3o dirigida pelo Sindsa\u00fade-Ba, cobraram da gest\u00e3o agilidade na transfer\u00eancia do setor para&#8230;<\/p>\n","protected":false},"author":2,"featured_media":9163,"comment_status":"closed","ping_status":"open","sticky":false,"template":"","format":"standard","meta":[],"categories":[11],"tags":[],"amp_validity":null,"amp_enabled":true,"_links":{"self":[{"href":"https:\/\/sindsaudeba.org.br\/portal\/wp-json\/wp\/v2\/posts\/9159"}],"collection":[{"href":"https:\/\/sindsaudeba.org.br\/portal\/wp-json\/wp\/v2\/posts"}],"about":[{"href":"https:\/\/sindsaudeba.org.br\/portal\/wp-json\/wp\/v2\/types\/post"}],"author":[{"embeddable":true,"href":"https:\/\/sindsaudeba.org.br\/portal\/wp-json\/wp\/v2\/users\/2"}],"replies":[{"embeddable":true,"href":"https:\/\/sindsaudeba.org.br\/portal\/wp-json\/wp\/v2\/comments?post=9159"}],"version-history":[{"count":1,"href":"https:\/\/sindsaudeba.org.br\/portal\/wp-json\/wp\/v2\/posts\/9159\/revisions"}],"predecessor-version":[{"id":13525,"href":"https:\/\/sindsaudeba.org.br\/portal\/wp-json\/wp\/v2\/posts\/9159\/revisions\/13525"}],"wp:featuredmedia":[{"embeddable":true,"href":"https:\/\/sindsaudeba.org.br\/portal\/wp-json\/wp\/v2\/media\/9163"}],"wp:attachment":[{"href":"https:\/\/sindsaudeba.org.br\/portal\/wp-json\/wp\/v2\/media?parent=9159"}],"wp:term":[{"taxonomy":"category","embeddable":true,"href":"https:\/\/sindsaudeba.org.br\/portal\/wp-json\/wp\/v2\/categories?post=9159"},{"taxonomy":"post_tag","embeddable":true,"href":"https:\/\/sindsaudeba.org.br\/portal\/wp-json\/wp\/v2\/tags?post=9159"}],"curies":[{"name":"wp","href":"https:\/\/api.w.org\/{rel}","templated":true}]}}