{"id":9151,"date":"2017-12-04T10:48:28","date_gmt":"2017-12-04T13:48:28","guid":{"rendered":"http:\/\/www.sindsaudeba.org.br\/novo\/?p=9151"},"modified":"2019-12-13T17:44:21","modified_gmt":"2019-12-13T20:44:21","slug":"todos-as-ruas-contra-a-reforma-da-previdencia-no-dia-5-de-dezembro","status":"publish","type":"post","link":"https:\/\/sindsaudeba.org.br\/portal\/blog\/todos-as-ruas-contra-a-reforma-da-previdencia-no-dia-5-de-dezembro\/","title":{"rendered":"Todos \u00e0s ruas contra a Reforma  da Previd\u00eancia no dia 5 de dezembro"},"content":{"rendered":"<p><a href=\"http:\/\/www.sindsaudeba.org.br\/novo\/wp-content\/uploads\/2017\/12\/ctbcontraareformadaprevidencia.jpg\"><img loading=\"lazy\" class=\"alignleft wp-image-9152\" src=\"http:\/\/www.sindsaudeba.org.br\/novo\/wp-content\/uploads\/2017\/12\/ctbcontraareformadaprevidencia.jpg\" alt=\"ctbcontraareformadaprevidencia\" width=\"480\" height=\"237\" \/><\/a><br \/>\n&nbsp;<br \/>\n&nbsp;<br \/>\n&nbsp;<br \/>\n&nbsp;<br \/>\n&nbsp;<br \/>\nEm plen\u00e1ria dos movimentos sociais realizada na \u00faltima sexta-feira (1\u00ba\/12) ficou definido\u00a0 que Salvador estar\u00e1 mobilizada no Dia Nacional de Luta contra o fim da aposentadoria e dos direitos trabalhistas. A suspens\u00e3o da greve nacional n\u00e3o significa a retirada das manifesta\u00e7\u00f5es e atos que j\u00e1 estavam agendados nacionalmente. Haver\u00e1 mobiliza\u00e7\u00e3o em todos os estados e na Bahia n\u00e3o ser\u00e1 diferente. Em Salvador ter\u00e1 manifesta\u00e7\u00e3o em frente ao Shopping da Bahia (antigo Iguatemi), \u00e0s 6h. \u00c0s 15h, ter\u00e1 uma passeata saindo do Campo Grande.<br \/>\nSurpreendida pelo cancelamento da greve geral do dia 5, a CTB discorda da posi\u00e7\u00e3o adotada pelas demais centrais, uma vez que a luta contra a Reforma da Previd\u00eancia \u00e9 estrat\u00e9gica para o povo brasileiro, mas, ao mesmo tempo, defende a unidade das centrais sindicais, por entender que a luta segue um objetivo comum: a defesa dos interesses da classe trabalhadora.<br \/>\nA CTB conclama \u00e0 unidade e entende ser necess\u00e1rio uma reuni\u00e3o urgente das centrais, confedera\u00e7\u00f5es, federa\u00e7\u00f5es e os sindicatos das principais categorias para uma discuss\u00e3o sobre a constru\u00e7\u00e3o da GREVE NACIONAL. Entendemos que se o governo insistir em votar, n\u00e3o nos restar\u00e1 outra alternativa que n\u00e3o seja parar o pa\u00eds.<br \/>\nAgora \u00e9 a hora de mobilizar a sociedade para a resist\u00eancia contra o desmonte da Previd\u00eancia e em defesa dos direitos dos trabalhadores. Seguiremos firmes em nossa luta pela classe trabalhadora e pelo futuro do nosso povo.<br \/>\n<strong>*6h &#8211; Manifesta\u00e7\u00e3o no Iguatemi*<\/strong><br \/>\n<strong> *15h &#8211; Passeata saindo do Campo Grande*<\/strong><br \/>\nInforma\u00e7\u00f5es: CTB<\/p>\n","protected":false},"excerpt":{"rendered":"<p>&nbsp; &nbsp; &nbsp; &nbsp; &nbsp; Em plen\u00e1ria dos movimentos sociais realizada na \u00faltima sexta-feira (1\u00ba\/12) ficou definido\u00a0 que Salvador estar\u00e1 mobilizada no Dia Nacional de Luta contra o fim da aposentadoria e dos direitos trabalhistas. A suspens\u00e3o da greve nacional n\u00e3o significa a retirada das&#8230;<\/p>\n","protected":false},"author":2,"featured_media":9153,"comment_status":"closed","ping_status":"open","sticky":false,"template":"","format":"standard","meta":[],"categories":[11],"tags":[],"amp_validity":null,"amp_enabled":true,"_links":{"self":[{"href":"https:\/\/sindsaudeba.org.br\/portal\/wp-json\/wp\/v2\/posts\/9151"}],"collection":[{"href":"https:\/\/sindsaudeba.org.br\/portal\/wp-json\/wp\/v2\/posts"}],"about":[{"href":"https:\/\/sindsaudeba.org.br\/portal\/wp-json\/wp\/v2\/types\/post"}],"author":[{"embeddable":true,"href":"https:\/\/sindsaudeba.org.br\/portal\/wp-json\/wp\/v2\/users\/2"}],"replies":[{"embeddable":true,"href":"https:\/\/sindsaudeba.org.br\/portal\/wp-json\/wp\/v2\/comments?post=9151"}],"version-history":[{"count":1,"href":"https:\/\/sindsaudeba.org.br\/portal\/wp-json\/wp\/v2\/posts\/9151\/revisions"}],"predecessor-version":[{"id":13526,"href":"https:\/\/sindsaudeba.org.br\/portal\/wp-json\/wp\/v2\/posts\/9151\/revisions\/13526"}],"wp:featuredmedia":[{"embeddable":true,"href":"https:\/\/sindsaudeba.org.br\/portal\/wp-json\/wp\/v2\/media\/9153"}],"wp:attachment":[{"href":"https:\/\/sindsaudeba.org.br\/portal\/wp-json\/wp\/v2\/media?parent=9151"}],"wp:term":[{"taxonomy":"category","embeddable":true,"href":"https:\/\/sindsaudeba.org.br\/portal\/wp-json\/wp\/v2\/categories?post=9151"},{"taxonomy":"post_tag","embeddable":true,"href":"https:\/\/sindsaudeba.org.br\/portal\/wp-json\/wp\/v2\/tags?post=9151"}],"curies":[{"name":"wp","href":"https:\/\/api.w.org\/{rel}","templated":true}]}}