{"id":9144,"date":"2017-11-29T10:45:33","date_gmt":"2017-11-29T13:45:33","guid":{"rendered":"http:\/\/www.sindsaudeba.org.br\/novo\/?p=9144"},"modified":"2019-12-13T17:44:21","modified_gmt":"2019-12-13T20:44:21","slug":"oficio-encaminhado-ao-governador-e-ao-sec-da-saude-comunicando-sobre-a-adesao-dos-servidores-na-greve-nacional","status":"publish","type":"post","link":"https:\/\/sindsaudeba.org.br\/portal\/blog\/oficio-encaminhado-ao-governador-e-ao-sec-da-saude-comunicando-sobre-a-adesao-dos-servidores-na-greve-nacional\/","title":{"rendered":"Of\u00edcio encaminhado ao governador e ao sec. da sa\u00fade comunicando sobre a ades\u00e3o dos servidores na Greve Nacional"},"content":{"rendered":"<p><a href=\"http:\/\/www.sindsaudeba.org.br\/novo\/wp-content\/uploads\/2017\/11\/oficio-greve-5.11.jpg\"><img loading=\"lazy\" class=\"alignleft size-full wp-image-9140\" src=\"http:\/\/www.sindsaudeba.org.br\/novo\/wp-content\/uploads\/2017\/11\/oficio-greve-5.11.jpg\" alt=\"oficio greve 5.11\" width=\"1000\" height=\"1414\" \/><\/a><\/p>\n","protected":false},"excerpt":{"rendered":"","protected":false},"author":2,"featured_media":9143,"comment_status":"closed","ping_status":"open","sticky":false,"template":"","format":"standard","meta":[],"categories":[11],"tags":[],"amp_validity":null,"amp_enabled":true,"_links":{"self":[{"href":"https:\/\/sindsaudeba.org.br\/portal\/wp-json\/wp\/v2\/posts\/9144"}],"collection":[{"href":"https:\/\/sindsaudeba.org.br\/portal\/wp-json\/wp\/v2\/posts"}],"about":[{"href":"https:\/\/sindsaudeba.org.br\/portal\/wp-json\/wp\/v2\/types\/post"}],"author":[{"embeddable":true,"href":"https:\/\/sindsaudeba.org.br\/portal\/wp-json\/wp\/v2\/users\/2"}],"replies":[{"embeddable":true,"href":"https:\/\/sindsaudeba.org.br\/portal\/wp-json\/wp\/v2\/comments?post=9144"}],"version-history":[{"count":1,"href":"https:\/\/sindsaudeba.org.br\/portal\/wp-json\/wp\/v2\/posts\/9144\/revisions"}],"predecessor-version":[{"id":13528,"href":"https:\/\/sindsaudeba.org.br\/portal\/wp-json\/wp\/v2\/posts\/9144\/revisions\/13528"}],"wp:featuredmedia":[{"embeddable":true,"href":"https:\/\/sindsaudeba.org.br\/portal\/wp-json\/wp\/v2\/media\/9143"}],"wp:attachment":[{"href":"https:\/\/sindsaudeba.org.br\/portal\/wp-json\/wp\/v2\/media?parent=9144"}],"wp:term":[{"taxonomy":"category","embeddable":true,"href":"https:\/\/sindsaudeba.org.br\/portal\/wp-json\/wp\/v2\/categories?post=9144"},{"taxonomy":"post_tag","embeddable":true,"href":"https:\/\/sindsaudeba.org.br\/portal\/wp-json\/wp\/v2\/tags?post=9144"}],"curies":[{"name":"wp","href":"https:\/\/api.w.org\/{rel}","templated":true}]}}