{"id":9130,"date":"2017-11-28T23:28:06","date_gmt":"2017-11-29T02:28:06","guid":{"rendered":"http:\/\/www.sindsaudeba.org.br\/novo\/?p=9130"},"modified":"2019-12-13T17:44:21","modified_gmt":"2019-12-13T20:44:21","slug":"greve-nacional-0512-contra-o-fim-das-aposentadorias","status":"publish","type":"post","link":"https:\/\/sindsaudeba.org.br\/portal\/blog\/greve-nacional-0512-contra-o-fim-das-aposentadorias\/","title":{"rendered":"GREVE NACIONAL &#8211; 05\/12 CONTRA O FIM DAS APOSENTADORIAS"},"content":{"rendered":"<p>&nbsp;<br \/>\n6H &#8211; MANIFESTA\u00c7\u00c3O NO IGUATEMI<br \/>\n15H \u2013 PASSEATA NO CAMPO GRANDE<br \/>\n<a href=\"http:\/\/www.sindsaudeba.org.br\/novo\/wp-content\/uploads\/2017\/11\/ctb-grevenacional-5dedezembro-reformadaprevidenciabanner-2.jpg\"><img loading=\"lazy\" class=\"alignleft size-full wp-image-9131\" src=\"http:\/\/www.sindsaudeba.org.br\/novo\/wp-content\/uploads\/2017\/11\/ctb-grevenacional-5dedezembro-reformadaprevidenciabanner-2.jpg\" alt=\"ctb-grevenacional-5dedezembro-reformadaprevidenciabanner (2)\" width=\"527\" height=\"389\" \/><\/a><br \/>\n&nbsp;<br \/>\n&nbsp;<br \/>\n&nbsp;<br \/>\n&nbsp;<br \/>\n&nbsp;<br \/>\n&nbsp;<br \/>\n&nbsp;<br \/>\n&nbsp;<br \/>\n&nbsp;<br \/>\nO governo Temer, apoiado por ACM Neto, j\u00e1 conseguiu aprovar o fim dos<br \/>\ndireitos trabalhistas. Para isso pagou fortunas a parlamentares que se<br \/>\nvenderam para enterrar conquistas hist\u00f3ricas do povo. Agora, os golpistas<br \/>\npretendem aprovar no Congresso o fim das aposentadorias dos brasileiros. A<br \/>\nvota\u00e7\u00e3o est\u00e1 marcada para o dia 06 de dezembro. Novamente, Temer est\u00e1<br \/>\ncomprando os deputados com recursos p\u00fablicos, para que liquidem com o<br \/>\nsistema de aposentadoria dos trabalhadores.<br \/>\nA proposta de &#8220;reforma&#8221; da previd\u00eancia \u00e9 perversa. Praticamente ningu\u00e9m<br \/>\nconseguir\u00e1 se aposentar com as novas regras. Elas nada mais s\u00e3o que o fim<br \/>\ndas aposentadorias dos brasileiros que vivem do trabalho. Este plano cruel \u00e9<br \/>\numa exig\u00eancia dos banqueiros que esperam que mais recursos sejam<br \/>\ntransferidos do sistema previdenci\u00e1rio para o pagamento de juros de t\u00edtulos<br \/>\nda d\u00edvida detidos por um punhado de seus ricos acionistas. A gan\u00e2ncia dos<br \/>\nbanqueiros e rentistas n\u00e3o pode ser mais forte que a defesa dos direitos do<br \/>\npovo brasileiro.<br \/>\nPortanto, vamos parar o Brasil! Vamos parar Salvador no dia 5 de dezembro<br \/>\npra dizer que os trabalhadores n\u00e3o aceitam o fim de suas conquistas.<br \/>\nCENTRAIS SINDICAIS &#8211; FRENTE BRASIL POPULAR &#8211; FRENTE POVO SEM MEDO<\/p>\n","protected":false},"excerpt":{"rendered":"<p>&nbsp; 6H &#8211; MANIFESTA\u00c7\u00c3O NO IGUATEMI 15H \u2013 PASSEATA NO CAMPO GRANDE &nbsp; &nbsp; &nbsp; &nbsp; &nbsp; &nbsp; &nbsp; &nbsp; &nbsp; O governo Temer, apoiado por ACM Neto, j\u00e1 conseguiu aprovar o fim dos direitos trabalhistas. Para isso pagou fortunas a parlamentares que se venderam&#8230;<\/p>\n","protected":false},"author":2,"featured_media":9131,"comment_status":"closed","ping_status":"open","sticky":false,"template":"","format":"standard","meta":[],"categories":[9],"tags":[],"amp_validity":null,"amp_enabled":true,"_links":{"self":[{"href":"https:\/\/sindsaudeba.org.br\/portal\/wp-json\/wp\/v2\/posts\/9130"}],"collection":[{"href":"https:\/\/sindsaudeba.org.br\/portal\/wp-json\/wp\/v2\/posts"}],"about":[{"href":"https:\/\/sindsaudeba.org.br\/portal\/wp-json\/wp\/v2\/types\/post"}],"author":[{"embeddable":true,"href":"https:\/\/sindsaudeba.org.br\/portal\/wp-json\/wp\/v2\/users\/2"}],"replies":[{"embeddable":true,"href":"https:\/\/sindsaudeba.org.br\/portal\/wp-json\/wp\/v2\/comments?post=9130"}],"version-history":[{"count":1,"href":"https:\/\/sindsaudeba.org.br\/portal\/wp-json\/wp\/v2\/posts\/9130\/revisions"}],"predecessor-version":[{"id":13529,"href":"https:\/\/sindsaudeba.org.br\/portal\/wp-json\/wp\/v2\/posts\/9130\/revisions\/13529"}],"wp:featuredmedia":[{"embeddable":true,"href":"https:\/\/sindsaudeba.org.br\/portal\/wp-json\/wp\/v2\/media\/9131"}],"wp:attachment":[{"href":"https:\/\/sindsaudeba.org.br\/portal\/wp-json\/wp\/v2\/media?parent=9130"}],"wp:term":[{"taxonomy":"category","embeddable":true,"href":"https:\/\/sindsaudeba.org.br\/portal\/wp-json\/wp\/v2\/categories?post=9130"},{"taxonomy":"post_tag","embeddable":true,"href":"https:\/\/sindsaudeba.org.br\/portal\/wp-json\/wp\/v2\/tags?post=9130"}],"curies":[{"name":"wp","href":"https:\/\/api.w.org\/{rel}","templated":true}]}}