{"id":9125,"date":"2017-11-28T15:00:11","date_gmt":"2017-11-28T18:00:11","guid":{"rendered":"http:\/\/www.sindsaudeba.org.br\/novo\/?p=9125"},"modified":"2019-12-13T17:44:21","modified_gmt":"2019-12-13T20:44:21","slug":"sindsaude-promove-x-congresso-dos-trabalhadores-na-saude","status":"publish","type":"post","link":"https:\/\/sindsaudeba.org.br\/portal\/blog\/sindsaude-promove-x-congresso-dos-trabalhadores-na-saude\/","title":{"rendered":"Sindsa\u00fade promove X Congresso dos Trabalhadores na Sa\u00fade"},"content":{"rendered":"<p class=\"x_MsoNormal\">Os trabalhadores em Sa\u00fade do Estado da Bahia se preparam para participar do X Congresso da categoria, promovido pelo Sindsa\u00fade-Ba com o objetivo de discutir as principais frentes de luta, todas elas tendo como meta o fortalecimento do SUS e a valoriza\u00e7\u00e3o profissional. Ser\u00e1 nos dias 15 e 16 de dezembro, no Hotel Fiesta.<\/p>\n<p class=\"x_MsoNormal\">Com a convic\u00e7\u00e3o de que a organiza\u00e7\u00e3o dos servidores \u00e9 fundamental para avan\u00e7ar nas conquistas, a diretoria do sindicato conclama toda a categoria a participar dos debates. E prop\u00f5e um tem\u00e1rio que engloba as quest\u00f5es priorit\u00e1rias da Sa\u00fade, como o Plano de Carreira que realmente garanta promo\u00e7\u00e3o e progress\u00e3o a todos os trabalhadores, respeitando a lei da retroatividade; a continuidade das lutas pelo pagamento da URV e por reajuste salarial; a retomada do adicional de insalubridade; inclus\u00e3o dos administrativos no PCCV e o fim da pol\u00edtica de privatiza\u00e7\u00e3o, que tem agravado a sobrecarga de trabalho e a precariza\u00e7\u00e3o dos v\u00ednculos trabalhistas.<\/p>\n<p class=\"x_MsoNormal\">Mas o Sindsa\u00fade n\u00e3o perde de vista que a situa\u00e7\u00e3o dos servidores estaduais n\u00e3o est\u00e1 dissociada da quest\u00e3o nacional. O pa\u00eds est\u00e1 mergulhado num ambiente de retrocesso pol\u00edtico e social, fruto de um golpe de direita, e a luta dos trabalhadores passa pelo resgate da democracia, dos direitos trabalhistas e da autonomia do SUS.<\/p>\n<p class=\"x_MsoNormal\"><a href=\"http:\/\/www.sindsaudeba.org.br\/novo\/wp-content\/uploads\/2017\/11\/Logo-X-congresso_final_2.jpg\"><img loading=\"lazy\" class=\"alignleft size-full wp-image-9126\" src=\"http:\/\/www.sindsaudeba.org.br\/novo\/wp-content\/uploads\/2017\/11\/Logo-X-congresso_final_2.jpg\" alt=\"_Logo X congresso_final_2\" width=\"1000\" height=\"1413\" \/><\/a><\/p>\n","protected":false},"excerpt":{"rendered":"<p>Os trabalhadores em Sa\u00fade do Estado da Bahia se preparam para participar do X Congresso da categoria, promovido pelo Sindsa\u00fade-Ba com o objetivo de discutir as principais frentes de luta, todas elas tendo como meta o fortalecimento do SUS e a valoriza\u00e7\u00e3o profissional. Ser\u00e1 nos&#8230;<\/p>\n","protected":false},"author":2,"featured_media":9127,"comment_status":"closed","ping_status":"open","sticky":false,"template":"","format":"standard","meta":[],"categories":[11],"tags":[],"amp_validity":null,"amp_enabled":true,"_links":{"self":[{"href":"https:\/\/sindsaudeba.org.br\/portal\/wp-json\/wp\/v2\/posts\/9125"}],"collection":[{"href":"https:\/\/sindsaudeba.org.br\/portal\/wp-json\/wp\/v2\/posts"}],"about":[{"href":"https:\/\/sindsaudeba.org.br\/portal\/wp-json\/wp\/v2\/types\/post"}],"author":[{"embeddable":true,"href":"https:\/\/sindsaudeba.org.br\/portal\/wp-json\/wp\/v2\/users\/2"}],"replies":[{"embeddable":true,"href":"https:\/\/sindsaudeba.org.br\/portal\/wp-json\/wp\/v2\/comments?post=9125"}],"version-history":[{"count":1,"href":"https:\/\/sindsaudeba.org.br\/portal\/wp-json\/wp\/v2\/posts\/9125\/revisions"}],"predecessor-version":[{"id":13530,"href":"https:\/\/sindsaudeba.org.br\/portal\/wp-json\/wp\/v2\/posts\/9125\/revisions\/13530"}],"wp:featuredmedia":[{"embeddable":true,"href":"https:\/\/sindsaudeba.org.br\/portal\/wp-json\/wp\/v2\/media\/9127"}],"wp:attachment":[{"href":"https:\/\/sindsaudeba.org.br\/portal\/wp-json\/wp\/v2\/media?parent=9125"}],"wp:term":[{"taxonomy":"category","embeddable":true,"href":"https:\/\/sindsaudeba.org.br\/portal\/wp-json\/wp\/v2\/categories?post=9125"},{"taxonomy":"post_tag","embeddable":true,"href":"https:\/\/sindsaudeba.org.br\/portal\/wp-json\/wp\/v2\/tags?post=9125"}],"curies":[{"name":"wp","href":"https:\/\/api.w.org\/{rel}","templated":true}]}}