{"id":9114,"date":"2017-11-24T12:05:21","date_gmt":"2017-11-24T15:05:21","guid":{"rendered":"http:\/\/www.sindsaudeba.org.br\/novo\/?p=9114"},"modified":"2019-12-13T17:44:21","modified_gmt":"2019-12-13T20:44:21","slug":"sindsaude-e-servidores-promovem-caminhada-contra-o-fechamento-do-hlvf-e-participam-de-plenaria","status":"publish","type":"post","link":"https:\/\/sindsaudeba.org.br\/portal\/blog\/sindsaude-e-servidores-promovem-caminhada-contra-o-fechamento-do-hlvf-e-participam-de-plenaria\/","title":{"rendered":"Sindsa\u00fade e servidores promovem caminhada  contra o fechamento do HLVF e participam de plen\u00e1ria"},"content":{"rendered":"<p class=\"xxxmsonormal\" style=\"text-align: justify;line-height: 115%\"><span><span style=\"font-family: 'Arial','sans-serif';color: black;background: white\"><a href=\"http:\/\/www.sindsaudeba.org.br\/novo\/wp-content\/uploads\/2017\/11\/site23.jpg\"><img loading=\"lazy\" class=\"alignleft size-medium wp-image-9115\" src=\"http:\/\/www.sindsaudeba.org.br\/novo\/wp-content\/uploads\/2017\/11\/site23-300x225.jpg\" alt=\"site2\" width=\"300\" height=\"225\" \/><\/a>O Sindsa\u00fade, representado pela vice-presidente Tereza Deir\u00f3 e a diretora Diala Magalh\u00e3es, os servidores do Hospital Luiz Viana Filho e a popula\u00e7\u00e3o de Ilh\u00e9us realizaram uma caminhada pelas ruas da cidade no dia 21 de novembro para protestar contra o fechamento e a municipaliza\u00e7\u00e3o da unidade, que dever\u00e1 ser transformada numa unidade materno-infantil.<\/span><\/span><\/p>\n<p class=\"xxxmsonormal\" style=\"text-align: justify;line-height: 115%\"><span><span><span style=\"font-family: 'Arial','sans-serif';color: black;background: white\">A caminhada seguiu at\u00e9 a C\u00e2mara de Vereadores, onde foi realizada uma plen\u00e1ria presidida pelo vereador Fabr\u00edcio Nascimento para debater o assunto. A maioria dos vereadores presentes apoiou a luta dos trabalhadores que est\u00e3o preocupados se o governo municipal re\u00fane condi\u00e7\u00f5es de gerir o Hospital Regional, visto que, historicamente, o munic\u00edpio n\u00e3o tem demonstrado experi\u00eancia em gerir hospitais de m\u00e9dio e grande porte.<\/span><\/span><\/span><\/p>\n<p class=\"xxxxgmail-xmsonormal0\" style=\"text-align: justify;line-height: 115%\"><span style=\"font-family: 'Arial','sans-serif'\"><a href=\"http:\/\/www.sindsaudeba.org.br\/novo\/wp-content\/uploads\/2017\/11\/IMG_6285.jpg\"><img loading=\"lazy\" class=\"alignleft size-medium wp-image-9121\" src=\"http:\/\/www.sindsaudeba.org.br\/novo\/wp-content\/uploads\/2017\/11\/IMG_6285-300x200.jpg\" alt=\"IMG_6285\" width=\"300\" height=\"200\" \/><\/a><\/span><span style=\"font-family: 'Arial','sans-serif'\">Tereza Deir\u00f3 deixou claro que os cerca de 470 servidores do HLVF est\u00e3o indignados e apreensivos por n\u00e3o saberem para onde ser\u00e3o transferidos ou se continuar\u00e3o na unidade. Os trabalhadores tamb\u00e9m est\u00e3o preocupados acerca de poss\u00edveis perdas salariais e de direitos. <\/span><\/p>\n<p class=\"xxxxgmail-xmsonormal0\" style=\"text-align: justify;line-height: 115%\"><span style=\"font-family: 'Arial','sans-serif'\">Tereza criticou tamb\u00e9m o an\u00fancio do governo do estado, atrav\u00e9s da Sesab, da privatiza\u00e7\u00e3o do Hospital da Costa do Cacau, que ser\u00e1 gerido por uma O<\/span><span style=\"font-family: 'Arial','sans-serif'\">rganiza\u00e7\u00e3o Social. O Sindsa\u00fade e os servidores ressaltaram que o Estado<\/span><span style=\"font-family: 'Arial','sans-serif'\"> deve <span style=\"color: black;background: white\">assumir seu dever em realizar Concurso P\u00fablico para gerir os hospitais constru\u00eddos com o dinheiro de impostos do povo.<\/span>Durante a audi\u00eancia, ficou definido que a C\u00e2mara de vereadores ir\u00e1 convidar o secret\u00e1rio de sa\u00fade do Estado F\u00e1bio Vilas-Boas e a secret\u00e1ria municipal de sa\u00fade de Ilh\u00e9us Eliz\u00e2ngela Oliveira para participarem de uma nova audi\u00eancia, na pr\u00f3xima ter\u00e7a-feira, 28 de novembro. <\/span><\/p>\n<p class=\"xxxxgmail-xmsonormal0\" style=\"text-align: justify;line-height: 115%\"><span style=\"font-family: 'Arial','sans-serif'\">Caso os secret\u00e1rios n\u00e3o c<\/span><span style=\"font-family: 'Arial','sans-serif'\"><a href=\"http:\/\/www.sindsaudeba.org.br\/novo\/wp-content\/uploads\/2017\/11\/site12.jpg\"><img loading=\"lazy\" class=\"alignleft size-medium wp-image-9116\" src=\"http:\/\/www.sindsaudeba.org.br\/novo\/wp-content\/uploads\/2017\/11\/site12-300x225.jpg\" alt=\"site1\" width=\"300\" height=\"225\" \/><\/a><\/span><span style=\"font-family: 'Arial','sans-serif'\">ompare\u00e7am, os servidores sair\u00e3o em <\/span><span style=\"font-family: 'Arial','sans-serif'\">caravana para Salvador para tentar uma audi\u00eancia com o secret\u00e1rio da sa\u00fade do estado.<\/span><\/p>\n<p class=\"xxxxgmail-xmsonormal0\" style=\"text-align: justify;line-height: 115%\">\n<p class=\"xxxxgmail-xmsonormal0\" style=\"text-align: justify;line-height: 115%\">\n<p class=\"xxxxgmail-xmsonormal0\" style=\"text-align: justify;line-height: 115%\">\n<p class=\"xxxxgmail-xmsonormal0\" style=\"text-align: justify;line-height: 115%\"><a href=\"http:\/\/www.sindsaudeba.org.br\/novo\/wp-content\/uploads\/2017\/11\/IMG_6281.jpg\"><img loading=\"lazy\" class=\"alignleft size-medium wp-image-9123\" src=\"http:\/\/www.sindsaudeba.org.br\/novo\/wp-content\/uploads\/2017\/11\/IMG_6281-300x201.jpg\" alt=\"IMG_6281\" width=\"300\" height=\"201\" \/><\/a><\/p>\n","protected":false},"excerpt":{"rendered":"<p>O Sindsa\u00fade, representado pela vice-presidente Tereza Deir\u00f3 e a diretora Diala Magalh\u00e3es, os servidores do Hospital Luiz Viana Filho e a popula\u00e7\u00e3o de Ilh\u00e9us realizaram uma caminhada pelas ruas da cidade no dia 21 de novembro para protestar contra o fechamento e a municipaliza\u00e7\u00e3o da&#8230;<\/p>\n","protected":false},"author":2,"featured_media":9116,"comment_status":"closed","ping_status":"open","sticky":false,"template":"","format":"standard","meta":[],"categories":[11,10],"tags":[],"amp_validity":null,"amp_enabled":true,"_links":{"self":[{"href":"https:\/\/sindsaudeba.org.br\/portal\/wp-json\/wp\/v2\/posts\/9114"}],"collection":[{"href":"https:\/\/sindsaudeba.org.br\/portal\/wp-json\/wp\/v2\/posts"}],"about":[{"href":"https:\/\/sindsaudeba.org.br\/portal\/wp-json\/wp\/v2\/types\/post"}],"author":[{"embeddable":true,"href":"https:\/\/sindsaudeba.org.br\/portal\/wp-json\/wp\/v2\/users\/2"}],"replies":[{"embeddable":true,"href":"https:\/\/sindsaudeba.org.br\/portal\/wp-json\/wp\/v2\/comments?post=9114"}],"version-history":[{"count":1,"href":"https:\/\/sindsaudeba.org.br\/portal\/wp-json\/wp\/v2\/posts\/9114\/revisions"}],"predecessor-version":[{"id":13531,"href":"https:\/\/sindsaudeba.org.br\/portal\/wp-json\/wp\/v2\/posts\/9114\/revisions\/13531"}],"wp:featuredmedia":[{"embeddable":true,"href":"https:\/\/sindsaudeba.org.br\/portal\/wp-json\/wp\/v2\/media\/9116"}],"wp:attachment":[{"href":"https:\/\/sindsaudeba.org.br\/portal\/wp-json\/wp\/v2\/media?parent=9114"}],"wp:term":[{"taxonomy":"category","embeddable":true,"href":"https:\/\/sindsaudeba.org.br\/portal\/wp-json\/wp\/v2\/categories?post=9114"},{"taxonomy":"post_tag","embeddable":true,"href":"https:\/\/sindsaudeba.org.br\/portal\/wp-json\/wp\/v2\/tags?post=9114"}],"curies":[{"name":"wp","href":"https:\/\/api.w.org\/{rel}","templated":true}]}}