{"id":9103,"date":"2017-11-17T10:38:19","date_gmt":"2017-11-17T13:38:19","guid":{"rendered":"http:\/\/www.sindsaudeba.org.br\/novo\/?p=9103"},"modified":"2019-12-13T17:44:22","modified_gmt":"2019-12-13T20:44:22","slug":"em-assembleia-sindsaude-discute-implantacao-de-pccv-com-servidores-de-santo-estevao-na-camara-de-vereadores-do-municipio","status":"publish","type":"post","link":"https:\/\/sindsaudeba.org.br\/portal\/blog\/em-assembleia-sindsaude-discute-implantacao-de-pccv-com-servidores-de-santo-estevao-na-camara-de-vereadores-do-municipio\/","title":{"rendered":"Em assembleia, Sindsa\u00fade discute implanta\u00e7\u00e3o de PCCV com servidores de Santo Est\u00eav\u00e3o na C\u00e2mara de vereadores"},"content":{"rendered":"<p><a href=\"http:\/\/www.sindsaudeba.org.br\/novo\/wp-content\/uploads\/2017\/11\/site11.jpg\"><img loading=\"lazy\" class=\"alignleft wp-image-9104\" src=\"http:\/\/www.sindsaudeba.org.br\/novo\/wp-content\/uploads\/2017\/11\/site11-300x169.jpg\" alt=\"site1\" width=\"339\" height=\"191\" \/><\/a>O Sindisa\u00fade, representado pela vice-presidente Tereza Deir\u00f3 e pelo diretor Eli\u00e9zio Santos, realizou assembleia com os servidores da sa\u00fade do munic\u00edpio de Santo Est\u00eav\u00e3o, no dia 14 de novembro, para discutir a situa\u00e7\u00e3o do Plano de Carreira Cargos e Vencimentos \u2013 PCCV, cuja Lei se encontra aprovada desde o ano de 2012.<br \/>\nOs servidores municipais da sa\u00fade deliberaram, por unanimidade, que abrir\u00e3o m\u00e3o do pagamento do retroativo, referente ao per\u00edodo de janeiro de 2013 a agosto de 2017, para que o prefeito implante imediatamente o PCCV com enquadramento de todos os trabalhadores e efeitos financeiros retroativos a setembro de 2017.<br \/>\nA assembleia foi realizada na C\u00e2mara de Vereadores de Santo Est\u00eav\u00e3o e contou com a participa\u00e7\u00e3o de 60 trabalhadores e as presen\u00e7as do presidente da C\u00e2mara, George Breu, dentre outros parlamentares, que apoiaram a reivindica\u00e7\u00e3o da categoria.<br \/>\n<a href=\"http:\/\/www.sindsaudeba.org.br\/novo\/wp-content\/uploads\/2017\/11\/site22.jpg\"><img loading=\"lazy\" class=\"alignleft wp-image-9105\" src=\"http:\/\/www.sindsaudeba.org.br\/novo\/wp-content\/uploads\/2017\/11\/site22-300x169.jpg\" alt=\"site2\" width=\"311\" height=\"175\" \/><\/a>O PCCV foi aprovado em 2012, atrav\u00e9s da lei 306\/2012, quando o atual prefeito Rog\u00e9rio Costa se encontrava no seu primeiro mandato. Entretanto, o Plano ficou engavetado por quatro anos na gest\u00e3o de seu sucessor, o prefeito Orlando Santiago, que apesar de toda luta, reuni\u00f5es e manifesta\u00e7\u00f5es dos servidores, tratou com descaso os anseios dos trabalhadores e n\u00e3o implantou a t\u00e3o merecida carreira dos servidores.<br \/>\nDurante a assembleia, Tereza Deir\u00f3 ressaltou que os trabalhadores esperam com ang\u00fastia a implanta\u00e7\u00e3o do PCCV. Ela lembrou que em reuni\u00e3o realizada com o prefeito, representantes da secretaria de sa\u00fade e o procurador do munic\u00edpio,no dia 19 de julho de 2017, ficou acordado que a prefeitura de Santo Estev\u00e3o procederia, o mais r\u00e1pido poss\u00edvel, ao enquadramento dos servidores (pelo tempo de servi\u00e7o), previsto na citada Lei, a fim de proceder nos interst\u00edcios previstos \u00e0s progress\u00f5es e promo\u00e7\u00f5es, entre outras prerrogativas do PCCV.<br \/>\nFicou tamb\u00e9m estabelecido que o Munic\u00edpio, atrav\u00e9s dos seus \u00f3rg\u00e3os de finan\u00e7as, atualizaria as tabelas de vencimentos constantes de Anexo do Plano. Ademais, foi abordado na mencionada reuni\u00e3o, que o prefeito deveria encaminhar altera\u00e7\u00e3o da Lei ao Legislativo para aprova\u00e7\u00e3o, no que fosse pertinente, para que os efeitos financeiros da Lei fossem considerados a partir de 1\u00ba de setembro de 2017, inclusive que o regulamento para os crit\u00e9rios da promo\u00e7\u00e3o e da progress\u00e3o na carreira, seria de imediato editado a fim estabelecer os crit\u00e9rios para a consecu\u00e7\u00e3o dos primeiros passos para implanta\u00e7\u00e3o do PCCV.<br \/>\nTereza ressaltou\u00a0 tamb\u00e9m que a n\u00e3o implanta\u00e7\u00e3o do PCCV trouxe graves preju\u00edzos aos servidores da sa\u00fade do munic\u00edpio, que se encontram com sal\u00e1rios defasados e sem a devida carreira. A perspectiva \u00e9 que a implanta\u00e7\u00e3o do plano possibilite a valoriza\u00e7\u00e3o profissional com ganho real, capacita\u00e7\u00e3o atrav\u00e9s da Educa\u00e7\u00e3o Permanente, possibilitando a promo\u00e7\u00e3o e progress\u00e3o na carreira de acordo com a Lei. A categoria continuar\u00e1 na luta tamb\u00e9m por melhores condi\u00e7\u00f5es de trabalho, amplia\u00e7\u00e3o dos servi\u00e7os e concurso p\u00fablico.<\/p>\n","protected":false},"excerpt":{"rendered":"<p>O Sindisa\u00fade, representado pela vice-presidente Tereza Deir\u00f3 e pelo diretor Eli\u00e9zio Santos, realizou assembleia com os servidores da sa\u00fade do munic\u00edpio de Santo Est\u00eav\u00e3o, no dia 14 de novembro, para discutir a situa\u00e7\u00e3o do Plano de Carreira Cargos e Vencimentos \u2013 PCCV, cuja Lei se&#8230;<\/p>\n","protected":false},"author":2,"featured_media":9104,"comment_status":"closed","ping_status":"open","sticky":false,"template":"","format":"standard","meta":[],"categories":[11],"tags":[],"amp_validity":null,"amp_enabled":true,"_links":{"self":[{"href":"https:\/\/sindsaudeba.org.br\/portal\/wp-json\/wp\/v2\/posts\/9103"}],"collection":[{"href":"https:\/\/sindsaudeba.org.br\/portal\/wp-json\/wp\/v2\/posts"}],"about":[{"href":"https:\/\/sindsaudeba.org.br\/portal\/wp-json\/wp\/v2\/types\/post"}],"author":[{"embeddable":true,"href":"https:\/\/sindsaudeba.org.br\/portal\/wp-json\/wp\/v2\/users\/2"}],"replies":[{"embeddable":true,"href":"https:\/\/sindsaudeba.org.br\/portal\/wp-json\/wp\/v2\/comments?post=9103"}],"version-history":[{"count":1,"href":"https:\/\/sindsaudeba.org.br\/portal\/wp-json\/wp\/v2\/posts\/9103\/revisions"}],"predecessor-version":[{"id":13533,"href":"https:\/\/sindsaudeba.org.br\/portal\/wp-json\/wp\/v2\/posts\/9103\/revisions\/13533"}],"wp:featuredmedia":[{"embeddable":true,"href":"https:\/\/sindsaudeba.org.br\/portal\/wp-json\/wp\/v2\/media\/9104"}],"wp:attachment":[{"href":"https:\/\/sindsaudeba.org.br\/portal\/wp-json\/wp\/v2\/media?parent=9103"}],"wp:term":[{"taxonomy":"category","embeddable":true,"href":"https:\/\/sindsaudeba.org.br\/portal\/wp-json\/wp\/v2\/categories?post=9103"},{"taxonomy":"post_tag","embeddable":true,"href":"https:\/\/sindsaudeba.org.br\/portal\/wp-json\/wp\/v2\/tags?post=9103"}],"curies":[{"name":"wp","href":"https:\/\/api.w.org\/{rel}","templated":true}]}}