{"id":9100,"date":"2017-11-14T12:42:50","date_gmt":"2017-11-14T15:42:50","guid":{"rendered":"http:\/\/www.sindsaudeba.org.br\/novo\/?p=9100"},"modified":"2019-12-13T17:44:22","modified_gmt":"2019-12-13T20:44:22","slug":"sindsaude-participa-de-encontro-para-discutir-fortalecimento-das-instituicoes-de-assistencia-aos-servidores-publicos","status":"publish","type":"post","link":"https:\/\/sindsaudeba.org.br\/portal\/blog\/sindsaude-participa-de-encontro-para-discutir-fortalecimento-das-instituicoes-de-assistencia-aos-servidores-publicos\/","title":{"rendered":"Sindsa\u00fade participa de encontro para discutir fortalecimento  das institui\u00e7\u00f5es de Assist\u00eancia aos Servidores P\u00fablicos"},"content":{"rendered":"<div id=\"attachment_9101\" style=\"width: 310px\" class=\"wp-caption alignleft\"><a href=\"http:\/\/www.sindsaudeba.org.br\/novo\/wp-content\/uploads\/2017\/11\/conselho-planserv.jpg\"><img aria-describedby=\"caption-attachment-9101\" loading=\"lazy\" class=\"size-medium wp-image-9101\" src=\"http:\/\/www.sindsaudeba.org.br\/novo\/wp-content\/uploads\/2017\/11\/conselho-planserv-300x225.jpg\" alt=\"foto: Ascom Planserv\" width=\"300\" height=\"225\" \/><\/a><p id=\"caption-attachment-9101\" class=\"wp-caption-text\">foto: Ascom Planserv<\/p><\/div><br \/>\nO fortalecimento das assist\u00eancias aos servidores p\u00fablicos foi o foco das discuss\u00f5es do 5\u00ba Meeting das Institui\u00e7\u00f5es de Assist\u00eancia aos Servidores P\u00fablicos, que come\u00e7ou nesta ter\u00e7a-feira (13) no Hotel Mercure, em Salvador. O evento segue at\u00e9 esta quarta-feira (14) e conta com a participa\u00e7\u00e3o do secret\u00e1rio da Administra\u00e7\u00e3o da Bahia Edelvino G\u00f3es e da coordenadora geral do Planserv Cristina Cardoso.<br \/>\nA diretora do Sindsa\u00fade, coordenadora da Fetrab e membro do Conselho da Assist\u00eancia \u00e0 Sa\u00fade do Servidor P\u00fablico Estadual (Conserv), Ivanilda Brito tamb\u00e9m prestigiou a abertura do evento que tamb\u00e9m contou com as presen\u00e7as da coordenadora geral da Fetrab Marinalva Nunes, do presidente do Conselho Nacional de Entidades de Sa\u00fade dos Servidores P\u00fablicos (Conessp) Latiff Abra\u00e3o Junior e a vice-presidente da entidade, \u00cdris Gama.<br \/>\nO encontro est\u00e1 sendo organizado pelo Conselho Nacional de Entidades de Planos de Sa\u00fade dos Servidores P\u00fablicos (Conessp) e recepcionado pelo Planserv &#8211; Assist\u00eancia \u00e0 Sa\u00fade dos Servidores P\u00fablicos Estaduais.Custos assistenciais, gest\u00e3o de risco, judicializa\u00e7\u00e3o da sa\u00fade e cria\u00e7\u00e3o de uma rede nacional de atendimento de urg\u00eancia e emerg\u00eancia s\u00e3o alguns dos temas abordados no evento.<br \/>\nPara a coordenadora geral do Planserv, Cristina Cardoso, unir-se \u00e0s demais entidades de assist\u00eancia existentes no pa\u00eds fortalece o segmento, al\u00e9m de formar um f\u00f3rum de discuss\u00e3o de quest\u00f5es comuns e solu\u00e7\u00f5es vi\u00e1veis para o melhor gerenciamento dos planos de sa\u00fade. Neste contexto, a gestora destacou novas a\u00e7\u00f5es que est\u00e3o sendo implementadas pelo Planserv, como a contrata\u00e7\u00e3o de uma empresa de suporte gerencial, que ter\u00e1 como foco a preven\u00e7\u00e3o e a qualidade de vida dos mais de 506 mil benefici\u00e1rios do plano.<br \/>\nO Conessp concentra os interesses comuns dos \u00f3rg\u00e3os de assist\u00eancia m\u00e9dica estaduais e municipais com o intuito de aprimorar a excel\u00eancia dos servi\u00e7os pelo interc\u00e2mbio de experi\u00eancias e gera\u00e7\u00e3o de conhecimento. Atualmente, o Conselho conta com a representa\u00e7\u00e3o de 12 estados brasileiros.<br \/>\n&nbsp;<br \/>\nFonte: Planserv<\/p>\n","protected":false},"excerpt":{"rendered":"<p>O fortalecimento das assist\u00eancias aos servidores p\u00fablicos foi o foco das discuss\u00f5es do 5\u00ba Meeting das Institui\u00e7\u00f5es de Assist\u00eancia aos Servidores P\u00fablicos, que come\u00e7ou nesta ter\u00e7a-feira (13) no Hotel Mercure, em Salvador. O evento segue at\u00e9 esta quarta-feira (14) e conta com a participa\u00e7\u00e3o do&#8230;<\/p>\n","protected":false},"author":2,"featured_media":9101,"comment_status":"closed","ping_status":"open","sticky":false,"template":"","format":"standard","meta":[],"categories":[9],"tags":[],"amp_validity":null,"amp_enabled":true,"_links":{"self":[{"href":"https:\/\/sindsaudeba.org.br\/portal\/wp-json\/wp\/v2\/posts\/9100"}],"collection":[{"href":"https:\/\/sindsaudeba.org.br\/portal\/wp-json\/wp\/v2\/posts"}],"about":[{"href":"https:\/\/sindsaudeba.org.br\/portal\/wp-json\/wp\/v2\/types\/post"}],"author":[{"embeddable":true,"href":"https:\/\/sindsaudeba.org.br\/portal\/wp-json\/wp\/v2\/users\/2"}],"replies":[{"embeddable":true,"href":"https:\/\/sindsaudeba.org.br\/portal\/wp-json\/wp\/v2\/comments?post=9100"}],"version-history":[{"count":1,"href":"https:\/\/sindsaudeba.org.br\/portal\/wp-json\/wp\/v2\/posts\/9100\/revisions"}],"predecessor-version":[{"id":13534,"href":"https:\/\/sindsaudeba.org.br\/portal\/wp-json\/wp\/v2\/posts\/9100\/revisions\/13534"}],"wp:featuredmedia":[{"embeddable":true,"href":"https:\/\/sindsaudeba.org.br\/portal\/wp-json\/wp\/v2\/media\/9101"}],"wp:attachment":[{"href":"https:\/\/sindsaudeba.org.br\/portal\/wp-json\/wp\/v2\/media?parent=9100"}],"wp:term":[{"taxonomy":"category","embeddable":true,"href":"https:\/\/sindsaudeba.org.br\/portal\/wp-json\/wp\/v2\/categories?post=9100"},{"taxonomy":"post_tag","embeddable":true,"href":"https:\/\/sindsaudeba.org.br\/portal\/wp-json\/wp\/v2\/tags?post=9100"}],"curies":[{"name":"wp","href":"https:\/\/api.w.org\/{rel}","templated":true}]}}