{"id":9095,"date":"2017-11-14T11:17:22","date_gmt":"2017-11-14T14:17:22","guid":{"rendered":"http:\/\/www.sindsaudeba.org.br\/novo\/?p=9095"},"modified":"2019-12-13T17:44:22","modified_gmt":"2019-12-13T20:44:22","slug":"sindsaude-participa-de-1a-conferencia-estadual-de-vigilancia-da-saude-e-denuncia-desmonte-do-sus","status":"publish","type":"post","link":"https:\/\/sindsaudeba.org.br\/portal\/blog\/sindsaude-participa-de-1a-conferencia-estadual-de-vigilancia-da-saude-e-denuncia-desmonte-do-sus\/","title":{"rendered":"Sindsa\u00fade participa de 1\u00aa Confer\u00eancia Estadual de  Vigil\u00e2ncia da Sa\u00fade e denuncia desmonte do SUS"},"content":{"rendered":"<p><a href=\"http:\/\/www.sindsaudeba.org.br\/novo\/wp-content\/uploads\/2017\/11\/site1.jpg\"><img loading=\"lazy\" class=\"alignleft size-medium wp-image-9096\" src=\"http:\/\/www.sindsaudeba.org.br\/novo\/wp-content\/uploads\/2017\/11\/site1-300x169.jpg\" alt=\"site1\" width=\"300\" height=\"169\" \/><\/a>A implanta\u00e7\u00e3o de a\u00e7\u00f5es que promovam o fortalecimento do SUS foi a t\u00f4nica das discuss\u00f5es da 1\u00aa Confer\u00eancia Estadual de Vigil\u00e2ncia da Sa\u00fade, que aconteceu entre os dias 6 e 9 de novembro, no Hotel Fiesta, em Salvador.<br \/>\nA diretoria do Sindsa\u00fade, representada pelo presidente e conselheiro estadual de Sa\u00fade Silvio Roberto dos Anjos e Silva, pela vice-presidente Tereza Deir\u00f3 e a diretora Ivanilda Brito participou do evento que reuniu mais de 1.200 profissionais da \u00e1rea de sa\u00fade e vigil\u00e2ncia em sa\u00fade de todo o Estado.<br \/>\nO eixo central da confer\u00eancia que orientou as discuss\u00f5es foi &#8220;Vigil\u00e2ncia em Sa\u00fade: Direito, Conquista e Defesa de um SUS P\u00fablico de Qualidade&#8221;.<br \/>\nO objetivo principal da Confer\u00eancia \u00e9 que a promo\u00e7\u00e3o, prote\u00e7\u00e3o e preven\u00e7\u00e3o ocupem no SUS o mesmo patamar e recebam a mesma import\u00e2ncia que a recupera\u00e7\u00e3o e a assist\u00eancia em sa\u00fade.<br \/>\n<a href=\"http:\/\/www.sindsaudeba.org.br\/novo\/wp-content\/uploads\/2017\/11\/site21.jpg\"><img loading=\"lazy\" class=\"alignleft size-medium wp-image-9097\" src=\"http:\/\/www.sindsaudeba.org.br\/novo\/wp-content\/uploads\/2017\/11\/site21-300x169.jpg\" alt=\"site2\" width=\"300\" height=\"169\" \/><\/a>Durante o evento, a diretoria do Sindsa\u00fade distribuiu uma carta aberta aos participantes destacando a import\u00e2ncia da Vigil\u00e2ncia em Sa\u00fade para o fortalecimento do SUS e garantia dos direitos dos trabalhadores. No documento, a entidade tamb\u00e9m denuncia a pol\u00edtica de desmonte e a privatiza\u00e7\u00e3o do SUS adotada pelo governo federal e que tamb\u00e9m vem sendo consolidada na Bahia, atrav\u00e9s da gest\u00e3o do secret\u00e1rio da Sa\u00fade F\u00e1bio Vilas-Boas.<br \/>\nO Sindsa\u00fade-Ba denunciou tamb\u00e9m as condi\u00e7\u00f5es de trabalho prec\u00e1rias \u00e0s quais os servidores da sa\u00fade v\u00eam sendo submetidos. O d\u00e9ficit de pessoal e a falta de educa\u00e7\u00e3o permanente e a car\u00eancia de material que transformam a assist\u00eancia em sa\u00fade numa atividade de risco para servidores e popula\u00e7\u00e3o.<br \/>\nO presidente do Sindsa\u00fade Silvio Roberto dos Anjos e Silva participou da comiss\u00e3o organizadora do evento e integrou a mesa que debateu os quatro eixos tem\u00e1ticos: O Lugar da Vigil\u00e2ncia em Sa\u00fade no SUS; Responsabilidades do Estado e dos Governos com a Vigil\u00e2ncia em Sa\u00fade; Saberes, Pr\u00e1ticas, Processos de Trabalho e Tecnologias na Vigil\u00e2ncia em Sa\u00fade e Vigil\u00e2ncia em Sa\u00fade participativa e democr\u00e1tica para Enfrentamento das Iniquidades Sociais em Sa\u00fade.<br \/>\n<a href=\"http:\/\/www.sindsaudeba.org.br\/novo\/wp-content\/uploads\/2017\/11\/site3.jpg\"><img loading=\"lazy\" class=\"alignleft size-medium wp-image-9098\" src=\"http:\/\/www.sindsaudeba.org.br\/novo\/wp-content\/uploads\/2017\/11\/site3-300x169.jpg\" alt=\"site3\" width=\"300\" height=\"169\" \/><\/a>No seu pronunciamento, Silvio fez uma critica \u00e0 postura do governador Rui Costa \u00a0em rela\u00e7\u00e3o ao tratamento dado aos servidores p\u00fablicos do estado da Bahia, em especial do da sa\u00fade. O governador n\u00e3o atende \u00e0 pauta de reivindica\u00e7\u00e3o da categoria e descumpre decis\u00f5es judiciais favor\u00e1veis aos trabalhadores da sa\u00fade como o pagamento da URV e o retorno da insalubridade.<br \/>\nA vice-presidente Tereza Deir\u00f3 e a diretora Ivanilda Brito integraram a coordena\u00e7\u00e3o do evento e foram facilitadoras e coordenadoras de grupos de trabalho. Durante a confer\u00eancia, elas se reuniram com servidores da sa\u00fade da capital e do interior para ouvir as principais demandas dos trabalhadores e tamb\u00e9m esclarecer sobre as atividades e a\u00e7\u00f5es do Sindsa\u00fade.<br \/>\nForam debatidas 168 propostas, 98 delas de \u00e2mbito estadual e 70 nacional. Doze foram escolhidas ap\u00f3s vota\u00e7\u00e3o para serem enviadas para a 1\u00aa Confer\u00eancia Nacional de Vigil\u00e2ncia em Sa\u00fade, a ser realizada no m\u00eas de dezembro, em Bras\u00edlia. O restante das contribui\u00e7\u00f5es servir\u00e1 para formula\u00e7\u00e3o da Pol\u00edtica Estadual de Vigil\u00e2ncia em Sa\u00fade. Tamb\u00e9m foram eleitos os 76 delegados que representar\u00e3o a Bahia na confer\u00eancia nacional.<\/p>\n","protected":false},"excerpt":{"rendered":"<p>A implanta\u00e7\u00e3o de a\u00e7\u00f5es que promovam o fortalecimento do SUS foi a t\u00f4nica das discuss\u00f5es da 1\u00aa Confer\u00eancia Estadual de Vigil\u00e2ncia da Sa\u00fade, que aconteceu entre os dias 6 e 9 de novembro, no Hotel Fiesta, em Salvador. A diretoria do Sindsa\u00fade, representada pelo presidente&#8230;<\/p>\n","protected":false},"author":2,"featured_media":9096,"comment_status":"closed","ping_status":"open","sticky":false,"template":"","format":"standard","meta":[],"categories":[11],"tags":[],"amp_validity":null,"amp_enabled":true,"_links":{"self":[{"href":"https:\/\/sindsaudeba.org.br\/portal\/wp-json\/wp\/v2\/posts\/9095"}],"collection":[{"href":"https:\/\/sindsaudeba.org.br\/portal\/wp-json\/wp\/v2\/posts"}],"about":[{"href":"https:\/\/sindsaudeba.org.br\/portal\/wp-json\/wp\/v2\/types\/post"}],"author":[{"embeddable":true,"href":"https:\/\/sindsaudeba.org.br\/portal\/wp-json\/wp\/v2\/users\/2"}],"replies":[{"embeddable":true,"href":"https:\/\/sindsaudeba.org.br\/portal\/wp-json\/wp\/v2\/comments?post=9095"}],"version-history":[{"count":1,"href":"https:\/\/sindsaudeba.org.br\/portal\/wp-json\/wp\/v2\/posts\/9095\/revisions"}],"predecessor-version":[{"id":13535,"href":"https:\/\/sindsaudeba.org.br\/portal\/wp-json\/wp\/v2\/posts\/9095\/revisions\/13535"}],"wp:featuredmedia":[{"embeddable":true,"href":"https:\/\/sindsaudeba.org.br\/portal\/wp-json\/wp\/v2\/media\/9096"}],"wp:attachment":[{"href":"https:\/\/sindsaudeba.org.br\/portal\/wp-json\/wp\/v2\/media?parent=9095"}],"wp:term":[{"taxonomy":"category","embeddable":true,"href":"https:\/\/sindsaudeba.org.br\/portal\/wp-json\/wp\/v2\/categories?post=9095"},{"taxonomy":"post_tag","embeddable":true,"href":"https:\/\/sindsaudeba.org.br\/portal\/wp-json\/wp\/v2\/tags?post=9095"}],"curies":[{"name":"wp","href":"https:\/\/api.w.org\/{rel}","templated":true}]}}