{"id":9089,"date":"2017-11-13T12:20:36","date_gmt":"2017-11-13T15:20:36","guid":{"rendered":"http:\/\/www.sindsaudeba.org.br\/novo\/?p=9089"},"modified":"2019-12-13T17:44:22","modified_gmt":"2019-12-13T20:44:22","slug":"sindsaude-leva-bandeiras-de-luta-para-mobilizacao-nacional-contra-perdas-de-direitos-dos-trabalhadores","status":"publish","type":"post","link":"https:\/\/sindsaudeba.org.br\/portal\/blog\/sindsaude-leva-bandeiras-de-luta-para-mobilizacao-nacional-contra-perdas-de-direitos-dos-trabalhadores\/","title":{"rendered":"Sindsa\u00fade leva bandeiras de luta para mobiliza\u00e7\u00e3o nacional contra perdas de direitos dos trabalhadores"},"content":{"rendered":"<div id=\"attachment_9090\" style=\"width: 310px\" class=\"wp-caption alignleft\"><a href=\"http:\/\/www.sindsaudeba.org.br\/novo\/wp-content\/uploads\/2017\/11\/site-1.jpg\"><img aria-describedby=\"caption-attachment-9090\" loading=\"lazy\" class=\"size-medium wp-image-9090\" src=\"http:\/\/www.sindsaudeba.org.br\/novo\/wp-content\/uploads\/2017\/11\/site-1-300x200.jpg\" alt=\"Fotos: Jo\u00e3o Ubaldo\" width=\"300\" height=\"200\" \/><\/a><p id=\"caption-attachment-9090\" class=\"wp-caption-text\">Fotos: Jo\u00e3o Ubaldo<\/p><\/div><br \/>\nO Dia Nacional de Mobiliza\u00e7\u00e3o levou milhares de pessoas \u00e0s ruas de Salvador nesta sexta-feira (10). A concentra\u00e7\u00e3o come\u00e7ou cedo nas pistas de sa\u00edda do Dique do Toror\u00f3 em dire\u00e7\u00e3o \u00e0 Esta\u00e7\u00e3o da Lapa. A diretoria do Sindsa\u00fade-Ba e os servidores da sa\u00fade se uniram \u00e0s demais categorias e seguiram em caminhada do Campo Grande em dire\u00e7\u00e3o \u00e0 Pra\u00e7a Castro Alves em protesto contra a perda de direitos da classe trabalhadora.<br \/>\nCom faixas, bandeiras e carros de som, a mobiliza\u00e7\u00e3o\u00a0foi aumentando e chamando a aten\u00e7\u00e3o da popula\u00e7\u00e3o que mostrou apoio ao movimento. Na Bahia, o Sindsa\u00fade e os trabalhadores tamb\u00e9m denunciaram a retirada de direitos dos servidores estaduais e a pol\u00edtica perversa de desmonte do SUS e desvaloriza\u00e7\u00e3o do servi\u00e7o p\u00fablico adotadas pelo governador Rui Costa.<\/p>\n<p class=\"x_MsoNormal\">O Presidente do Sindsa\u00fade Silvio Roberto dos Anjos e Silva ressaltou a import\u00e2ncia da uni\u00e3o dos trabalhadores contra a perda de direitos. \u201cEsta manifesta\u00e7\u00e3o \u00e9 para que os trabalhadores reajam contra estas medidas propostas pelo governo golpista. Precisamos continuar nas ruas pressionando para que estas medidas n\u00e3o tragam preju\u00edzos para os trabalhadores\u201d, afirmou.<\/p>\n<p><a href=\"http:\/\/www.sindsaudeba.org.br\/novo\/wp-content\/uploads\/2017\/11\/site2.jpg\"><img loading=\"lazy\" class=\"alignleft size-medium wp-image-9091\" src=\"http:\/\/www.sindsaudeba.org.br\/novo\/wp-content\/uploads\/2017\/11\/site2-300x225.jpg\" alt=\"site2\" width=\"300\" height=\"225\" \/><\/a>As atividades foram convocadas pelas centrais sindicais CTB, CUT, For\u00e7a Sindical, UGT, CSP-Conlutas, al\u00e9m da Frente Brasil Popular, movimentos sociais e estudantil. A escolha do dia 10 de novembro (pr\u00f3xima sexta-feira) se deu porque \u00e9 a data que antecedeu a vig\u00eancia da lei que alterou a CLT (Consolida\u00e7\u00e3o das Leis do Trabalho) e golpeou o trabalhador e a trabalhadora.<\/p>\n","protected":false},"excerpt":{"rendered":"<p>O Dia Nacional de Mobiliza\u00e7\u00e3o levou milhares de pessoas \u00e0s ruas de Salvador nesta sexta-feira (10). A concentra\u00e7\u00e3o come\u00e7ou cedo nas pistas de sa\u00edda do Dique do Toror\u00f3 em dire\u00e7\u00e3o \u00e0 Esta\u00e7\u00e3o da Lapa. A diretoria do Sindsa\u00fade-Ba e os servidores da sa\u00fade se uniram&#8230;<\/p>\n","protected":false},"author":2,"featured_media":9090,"comment_status":"closed","ping_status":"open","sticky":false,"template":"","format":"standard","meta":[],"categories":[11,10],"tags":[],"amp_validity":null,"amp_enabled":true,"_links":{"self":[{"href":"https:\/\/sindsaudeba.org.br\/portal\/wp-json\/wp\/v2\/posts\/9089"}],"collection":[{"href":"https:\/\/sindsaudeba.org.br\/portal\/wp-json\/wp\/v2\/posts"}],"about":[{"href":"https:\/\/sindsaudeba.org.br\/portal\/wp-json\/wp\/v2\/types\/post"}],"author":[{"embeddable":true,"href":"https:\/\/sindsaudeba.org.br\/portal\/wp-json\/wp\/v2\/users\/2"}],"replies":[{"embeddable":true,"href":"https:\/\/sindsaudeba.org.br\/portal\/wp-json\/wp\/v2\/comments?post=9089"}],"version-history":[{"count":1,"href":"https:\/\/sindsaudeba.org.br\/portal\/wp-json\/wp\/v2\/posts\/9089\/revisions"}],"predecessor-version":[{"id":13536,"href":"https:\/\/sindsaudeba.org.br\/portal\/wp-json\/wp\/v2\/posts\/9089\/revisions\/13536"}],"wp:featuredmedia":[{"embeddable":true,"href":"https:\/\/sindsaudeba.org.br\/portal\/wp-json\/wp\/v2\/media\/9090"}],"wp:attachment":[{"href":"https:\/\/sindsaudeba.org.br\/portal\/wp-json\/wp\/v2\/media?parent=9089"}],"wp:term":[{"taxonomy":"category","embeddable":true,"href":"https:\/\/sindsaudeba.org.br\/portal\/wp-json\/wp\/v2\/categories?post=9089"},{"taxonomy":"post_tag","embeddable":true,"href":"https:\/\/sindsaudeba.org.br\/portal\/wp-json\/wp\/v2\/tags?post=9089"}],"curies":[{"name":"wp","href":"https:\/\/api.w.org\/{rel}","templated":true}]}}