{"id":9085,"date":"2017-11-09T11:57:29","date_gmt":"2017-11-09T14:57:29","guid":{"rendered":"http:\/\/www.sindsaudeba.org.br\/novo\/?p=9085"},"modified":"2019-12-13T17:44:22","modified_gmt":"2019-12-13T20:44:22","slug":"governador-trata-de-forma-discriminatoria-trabalhadoresas-da-saude","status":"publish","type":"post","link":"https:\/\/sindsaudeba.org.br\/portal\/blog\/governador-trata-de-forma-discriminatoria-trabalhadoresas-da-saude\/","title":{"rendered":"Governador trata de forma discriminat\u00f3ria trabalhadores(as) da Sa\u00fade"},"content":{"rendered":"<p><a href=\"http:\/\/www.sindsaudeba.org.br\/novo\/wp-content\/uploads\/2017\/11\/Governador-n\u00e3o-discrimine-o-trabalhador-a-da-sa\u00fade.jpg\"><img loading=\"lazy\" class=\"alignleft size-medium wp-image-9086\" src=\"http:\/\/www.sindsaudeba.org.br\/novo\/wp-content\/uploads\/2017\/11\/Governador-n\u00e3o-discrimine-o-trabalhador-a-da-sa\u00fade-300x213.jpg\" alt=\"Governador, n\u00e3o discrimine o trabalhador (a) da sa\u00fade!\" width=\"300\" height=\"213\" \/><\/a>Os trabalhadores e trabalhadoras da Sa\u00fade foram surpreendidos no dia 7 de novembro, ter\u00e7a-feira, por an\u00fancio feito pelo governo sobre aumento salarial para as pol\u00edcias Militar, Civil e T\u00e9cnica, al\u00e9m do Corpo de Bombeiros. Anunciou tamb\u00e9m reajuste para os profissionais da Educa\u00e7\u00e3o, atrav\u00e9s do projeto de lei de reestrutura\u00e7\u00e3o da carreira. Segundo o governador, ser\u00e1 de 14% para os profissionais da Educa\u00e7\u00e3o e de 6% a 10% para policiais civis e militares, a depender da patente.<br \/>\nO Sindsa\u00fade-Ba, sempre na luta pelos direitos dos trabalhadores(as) e pela isonomia salarial e de tratamento, reconhece a import\u00e2ncia de todas as categorias de servidores p\u00fablicos do estado, entretanto n\u00e3o aceitamos tratamento discriminat\u00f3rio, anunciado pelo governador do estado, visto que, historicamente, a mensagem de reajuste atende linearmente todos os trabalhadores e trabalhadoras do servi\u00e7o p\u00fablico estadual.<br \/>\nA Sa\u00fade do Estado, atualmente, conta com grande d\u00e9ficit de profissionais, sem previs\u00e3o de realiza\u00e7\u00e3o de concurso p\u00fablico, com muitos hospitais privatizados\/terceirizados, com sucateamento de v\u00e1rias unidades de Sa\u00fade e sem condi\u00e7\u00f5es dignas de trabalho, tanto na capital como no interior do estado.<br \/>\nO Sindsa\u00fade-Ba critica a atitude do governador Rui Costa que, por quase dois anos, n\u00e3o recebe o sindicato, embora of\u00edcios com pauta de reivindica\u00e7\u00f5es tenham sido enviados. Assim, a diretoria da entidade, junto aos servidores (as), entende, diante do anunciado, a urg\u00eancia de que o governador receba a representa\u00e7\u00e3o da categoria, a fim de tratar do reajuste dos trabalhadores(as) da Sa\u00fade, inclusive da \u00e1rea administrativa, que n\u00e3o conta com concurso publico h\u00e1 25 anos, bem como da pauta emergencial protocolada na data de 27 de outubro do ano em curso.<br \/>\nGrande parte da categoria se encontra com o sal\u00e1rio base de R$ 788, portanto abaixo do m\u00ednimo. Questionamos ao governador se ser\u00e1 necess\u00e1rio movimento de greve, que tanto compromete a assist\u00eancia \u00e0 popula\u00e7\u00e3o, para que os trabalhadores e trabalhadoras da Sa\u00fade sejam ouvidos? O Sindsa\u00fade continua lutando para que todos os servidores(as) da sa\u00fade sejam contemplados com o reajuste linear, inclusive os aposentados.<br \/>\n<strong>Mobilizar a categoria para o enfrentamento da situa\u00e7\u00e3o atual \u00e9 imprescind\u00edvel &#8211; Com a luta avan\u00e7aremos e seremos fortes!<\/strong><br \/>\n&nbsp;<\/p>\n","protected":false},"excerpt":{"rendered":"<p>Os trabalhadores e trabalhadoras da Sa\u00fade foram surpreendidos no dia 7 de novembro, ter\u00e7a-feira, por an\u00fancio feito pelo governo sobre aumento salarial para as pol\u00edcias Militar, Civil e T\u00e9cnica, al\u00e9m do Corpo de Bombeiros. Anunciou tamb\u00e9m reajuste para os profissionais da Educa\u00e7\u00e3o, atrav\u00e9s do projeto&#8230;<\/p>\n","protected":false},"author":2,"featured_media":9086,"comment_status":"closed","ping_status":"open","sticky":false,"template":"","format":"standard","meta":[],"categories":[11],"tags":[],"amp_validity":null,"amp_enabled":true,"_links":{"self":[{"href":"https:\/\/sindsaudeba.org.br\/portal\/wp-json\/wp\/v2\/posts\/9085"}],"collection":[{"href":"https:\/\/sindsaudeba.org.br\/portal\/wp-json\/wp\/v2\/posts"}],"about":[{"href":"https:\/\/sindsaudeba.org.br\/portal\/wp-json\/wp\/v2\/types\/post"}],"author":[{"embeddable":true,"href":"https:\/\/sindsaudeba.org.br\/portal\/wp-json\/wp\/v2\/users\/2"}],"replies":[{"embeddable":true,"href":"https:\/\/sindsaudeba.org.br\/portal\/wp-json\/wp\/v2\/comments?post=9085"}],"version-history":[{"count":1,"href":"https:\/\/sindsaudeba.org.br\/portal\/wp-json\/wp\/v2\/posts\/9085\/revisions"}],"predecessor-version":[{"id":13537,"href":"https:\/\/sindsaudeba.org.br\/portal\/wp-json\/wp\/v2\/posts\/9085\/revisions\/13537"}],"wp:featuredmedia":[{"embeddable":true,"href":"https:\/\/sindsaudeba.org.br\/portal\/wp-json\/wp\/v2\/media\/9086"}],"wp:attachment":[{"href":"https:\/\/sindsaudeba.org.br\/portal\/wp-json\/wp\/v2\/media?parent=9085"}],"wp:term":[{"taxonomy":"category","embeddable":true,"href":"https:\/\/sindsaudeba.org.br\/portal\/wp-json\/wp\/v2\/categories?post=9085"},{"taxonomy":"post_tag","embeddable":true,"href":"https:\/\/sindsaudeba.org.br\/portal\/wp-json\/wp\/v2\/tags?post=9085"}],"curies":[{"name":"wp","href":"https:\/\/api.w.org\/{rel}","templated":true}]}}