{"id":9080,"date":"2017-11-08T11:16:37","date_gmt":"2017-11-08T14:16:37","guid":{"rendered":"http:\/\/www.sindsaudeba.org.br\/novo\/?p=9080"},"modified":"2019-12-13T17:44:22","modified_gmt":"2019-12-13T20:44:22","slug":"oficio-enviado-ao-governador-e-ao-secretario-da-saude-informando-sobre-a-adesao-dos-servidores-da-saude-a-paralisacao-nacional-no-dia-10-de-novembro","status":"publish","type":"post","link":"https:\/\/sindsaudeba.org.br\/portal\/blog\/oficio-enviado-ao-governador-e-ao-secretario-da-saude-informando-sobre-a-adesao-dos-servidores-da-saude-a-paralisacao-nacional-no-dia-10-de-novembro\/","title":{"rendered":"Of\u00edcio enviado ao governador e ao secret\u00e1rio da Sa\u00fade, informando sobre ades\u00e3o dos servidores \u00e0 paralisa\u00e7\u00e3o no dia 10\/11"},"content":{"rendered":"<p><a href=\"http:\/\/www.sindsaudeba.org.br\/novo\/wp-content\/uploads\/2017\/11\/oficio.jpg\"><img loading=\"lazy\" class=\"alignleft size-full wp-image-9081\" src=\"http:\/\/www.sindsaudeba.org.br\/novo\/wp-content\/uploads\/2017\/11\/oficio.jpg\" alt=\"oficio\" width=\"1000\" height=\"1414\" \/><\/a><\/p>\n","protected":false},"excerpt":{"rendered":"","protected":false},"author":2,"featured_media":9082,"comment_status":"closed","ping_status":"open","sticky":false,"template":"","format":"standard","meta":[],"categories":[11],"tags":[],"amp_validity":null,"amp_enabled":true,"_links":{"self":[{"href":"https:\/\/sindsaudeba.org.br\/portal\/wp-json\/wp\/v2\/posts\/9080"}],"collection":[{"href":"https:\/\/sindsaudeba.org.br\/portal\/wp-json\/wp\/v2\/posts"}],"about":[{"href":"https:\/\/sindsaudeba.org.br\/portal\/wp-json\/wp\/v2\/types\/post"}],"author":[{"embeddable":true,"href":"https:\/\/sindsaudeba.org.br\/portal\/wp-json\/wp\/v2\/users\/2"}],"replies":[{"embeddable":true,"href":"https:\/\/sindsaudeba.org.br\/portal\/wp-json\/wp\/v2\/comments?post=9080"}],"version-history":[{"count":1,"href":"https:\/\/sindsaudeba.org.br\/portal\/wp-json\/wp\/v2\/posts\/9080\/revisions"}],"predecessor-version":[{"id":13538,"href":"https:\/\/sindsaudeba.org.br\/portal\/wp-json\/wp\/v2\/posts\/9080\/revisions\/13538"}],"wp:featuredmedia":[{"embeddable":true,"href":"https:\/\/sindsaudeba.org.br\/portal\/wp-json\/wp\/v2\/media\/9082"}],"wp:attachment":[{"href":"https:\/\/sindsaudeba.org.br\/portal\/wp-json\/wp\/v2\/media?parent=9080"}],"wp:term":[{"taxonomy":"category","embeddable":true,"href":"https:\/\/sindsaudeba.org.br\/portal\/wp-json\/wp\/v2\/categories?post=9080"},{"taxonomy":"post_tag","embeddable":true,"href":"https:\/\/sindsaudeba.org.br\/portal\/wp-json\/wp\/v2\/tags?post=9080"}],"curies":[{"name":"wp","href":"https:\/\/api.w.org\/{rel}","templated":true}]}}