{"id":907,"date":"2013-03-19T10:52:21","date_gmt":"2013-03-19T13:52:21","guid":{"rendered":"http:\/\/www.sindsaudeba.org.br\/novo\/?p=907"},"modified":"2019-12-13T18:00:28","modified_gmt":"2019-12-13T21:00:28","slug":"convocacao-manifestacao-contra-privatizacao-do-h-manoel-victorino-prox-quinta-21","status":"publish","type":"post","link":"https:\/\/sindsaudeba.org.br\/portal\/blog\/convocacao-manifestacao-contra-privatizacao-do-h-manoel-victorino-prox-quinta-21\/","title":{"rendered":"Manifesta\u00e7\u00e3o contra privatiza\u00e7\u00e3o do H. Manoel Victorino nesta quinta (21)"},"content":{"rendered":"<p><a href=\"http:\/\/www.sindsaudeba.org.br\/novo\/wp-content\/uploads\/2013\/03\/cartaz.-Manoel-Victorino.jpeg\"><img loading=\"lazy\" class=\"aligncenter size-full wp-image-908\" title=\"__cartaz. Manoel Victorino\" src=\"http:\/\/www.sindsaudeba.org.br\/novo\/wp-content\/uploads\/2013\/03\/cartaz.-Manoel-Victorino.jpeg\" alt=\"\" width=\"1500\" height=\"2121\" \/><\/a><\/p>\n","protected":false},"excerpt":{"rendered":"","protected":false},"author":2,"featured_media":911,"comment_status":"open","ping_status":"open","sticky":false,"template":"","format":"standard","meta":[],"categories":[11],"tags":[],"amp_validity":null,"amp_enabled":true,"_links":{"self":[{"href":"https:\/\/sindsaudeba.org.br\/portal\/wp-json\/wp\/v2\/posts\/907"}],"collection":[{"href":"https:\/\/sindsaudeba.org.br\/portal\/wp-json\/wp\/v2\/posts"}],"about":[{"href":"https:\/\/sindsaudeba.org.br\/portal\/wp-json\/wp\/v2\/types\/post"}],"author":[{"embeddable":true,"href":"https:\/\/sindsaudeba.org.br\/portal\/wp-json\/wp\/v2\/users\/2"}],"replies":[{"embeddable":true,"href":"https:\/\/sindsaudeba.org.br\/portal\/wp-json\/wp\/v2\/comments?post=907"}],"version-history":[{"count":1,"href":"https:\/\/sindsaudeba.org.br\/portal\/wp-json\/wp\/v2\/posts\/907\/revisions"}],"predecessor-version":[{"id":14569,"href":"https:\/\/sindsaudeba.org.br\/portal\/wp-json\/wp\/v2\/posts\/907\/revisions\/14569"}],"wp:featuredmedia":[{"embeddable":true,"href":"https:\/\/sindsaudeba.org.br\/portal\/wp-json\/wp\/v2\/media\/911"}],"wp:attachment":[{"href":"https:\/\/sindsaudeba.org.br\/portal\/wp-json\/wp\/v2\/media?parent=907"}],"wp:term":[{"taxonomy":"category","embeddable":true,"href":"https:\/\/sindsaudeba.org.br\/portal\/wp-json\/wp\/v2\/categories?post=907"},{"taxonomy":"post_tag","embeddable":true,"href":"https:\/\/sindsaudeba.org.br\/portal\/wp-json\/wp\/v2\/tags?post=907"}],"curies":[{"name":"wp","href":"https:\/\/api.w.org\/{rel}","templated":true}]}}