{"id":9069,"date":"2017-11-07T15:55:56","date_gmt":"2017-11-07T18:55:56","guid":{"rendered":"http:\/\/www.sindsaudeba.org.br\/novo\/?p=9069"},"modified":"2019-12-13T17:44:22","modified_gmt":"2019-12-13T20:44:22","slug":"10-de-novembro-dia-nacional-de-mobilizacao-contra-as-reformas-trabalhista-e-da-previdencia-e-contra-a-retirada-de-direitos-dos-servidores-publicos","status":"publish","type":"post","link":"https:\/\/sindsaudeba.org.br\/portal\/blog\/10-de-novembro-dia-nacional-de-mobilizacao-contra-as-reformas-trabalhista-e-da-previdencia-e-contra-a-retirada-de-direitos-dos-servidores-publicos\/","title":{"rendered":"10 de novembro: Dia Nacional de Mobiliza\u00e7\u00e3o Contra as reformas Trabalhista e da Previd\u00eancia e contra a retirada de direitos"},"content":{"rendered":"<div>\n<p class=\"x_MsoNormal\"><a href=\"http:\/\/www.sindsaudeba.org.br\/novo\/wp-content\/uploads\/2017\/11\/0001-1-copy.jpg\"><img loading=\"lazy\" class=\"alignleft size-medium wp-image-9070\" src=\"http:\/\/www.sindsaudeba.org.br\/novo\/wp-content\/uploads\/2017\/11\/0001-1-copy-300x212.jpg\" alt=\"0001-1 copy\" width=\"300\" height=\"212\" \/><\/a>O Sindsa\u00fade-Ba convoca todos os servidores da sa\u00fade para participarem do Dia Nacional de Mobiliza\u00e7\u00e3o, no dia 10 de novembro, sexta-feira, contra as reformas trabalhista e da Previd\u00eancia, a redu\u00e7\u00e3o do sal\u00e1rio m\u00ednimo, a portaria que flexibiliza o trabalho escravo, a entrega da Amaz\u00f4nia ao capital internacional e o fim da Justi\u00e7a do Trabalho.<\/p>\n<p class=\"x_MsoNormal\">Na Bahia, o Sindsa\u00fade e os trabalhadores tamb\u00e9m v\u00e3o \u00e0s ruas para denunciar a retirada de direitos dos servidores estaduais e a pol\u00edtica perversa de desmonte do SUS e desvaloriza\u00e7\u00e3o do servi\u00e7o p\u00fablico adotadas pelo governador Rui Costa.<\/p>\n<p class=\"x_MsoNormal\">As atividades est\u00e3o sendo convocadas pelas centrais sindicais CTB, CUT, For\u00e7a Sindical, UGT, CSP-Conlutas, al\u00e9m da Frente Brasil Popular, movimentos sociais e estudantil. Uma s\u00e9rie de atividades est\u00e3o previstas para todo o dia. Em Salvador, tamb\u00e9m pela manh\u00e3 cedo, com concentra\u00e7\u00e3o \u00e0s 6h, acontece grande ato na entrada da Esta\u00e7\u00e3o da Lapa, na regi\u00e3o do Dique do Toror\u00f3. Em seguida, a partir das 9h, tem caminhada do Campo Grande ao Com\u00e9rcio, onde acontece protestos em frente \u00e0s sedes da Justi\u00e7a do Trabalho e da Previd\u00eancia Social.<\/p>\n<p class=\"x_MsoNormal\">A orienta\u00e7\u00e3o \u00e9 que todos os servi\u00e7os sejam paralisados nos hospitais, unidades b\u00e1sicas de sa\u00fade, n\u00facleos regionais e administra\u00e7\u00e3o central. Nos hospitais ser\u00e3o mantidos apenas os servi\u00e7os essenciais, com a suspens\u00e3o dos servi\u00e7os de ambulat\u00f3rios e da \u00e1rea administrativa.<\/p>\n<p>A escolha do dia 10 de novembro (pr\u00f3xima sexta-feira) se deu porque \u00e9 a data que antecede a vig\u00eancia da lei que alterou a CLT (Consolida\u00e7\u00e3o das Leis do Trabalho) e golpeou o trabalhador e a trabalhadora.<\/p>\n<p align=\"center\">Todos \u00e0s ruas em defesa dos trabalhadores!<\/p>\n<p align=\"center\">Nenhum direito a menos!<\/p>\n<p align=\"center\"><a href=\"http:\/\/www.sindsaudeba.org.br\/novo\/wp-content\/uploads\/2017\/11\/0001-1.jpg\"><img loading=\"lazy\" class=\"alignleft size-full wp-image-9071\" src=\"http:\/\/www.sindsaudeba.org.br\/novo\/wp-content\/uploads\/2017\/11\/0001-1.jpg\" alt=\"0001-1\" width=\"1000\" height=\"1414\" \/><\/a><\/p>\n<\/div>\n","protected":false},"excerpt":{"rendered":"<p>O Sindsa\u00fade-Ba convoca todos os servidores da sa\u00fade para participarem do Dia Nacional de Mobiliza\u00e7\u00e3o, no dia 10 de novembro, sexta-feira, contra as reformas trabalhista e da Previd\u00eancia, a redu\u00e7\u00e3o do sal\u00e1rio m\u00ednimo, a portaria que flexibiliza o trabalho escravo, a entrega da Amaz\u00f4nia ao&#8230;<\/p>\n","protected":false},"author":2,"featured_media":9070,"comment_status":"closed","ping_status":"open","sticky":false,"template":"","format":"standard","meta":[],"categories":[11],"tags":[],"amp_validity":null,"amp_enabled":true,"_links":{"self":[{"href":"https:\/\/sindsaudeba.org.br\/portal\/wp-json\/wp\/v2\/posts\/9069"}],"collection":[{"href":"https:\/\/sindsaudeba.org.br\/portal\/wp-json\/wp\/v2\/posts"}],"about":[{"href":"https:\/\/sindsaudeba.org.br\/portal\/wp-json\/wp\/v2\/types\/post"}],"author":[{"embeddable":true,"href":"https:\/\/sindsaudeba.org.br\/portal\/wp-json\/wp\/v2\/users\/2"}],"replies":[{"embeddable":true,"href":"https:\/\/sindsaudeba.org.br\/portal\/wp-json\/wp\/v2\/comments?post=9069"}],"version-history":[{"count":1,"href":"https:\/\/sindsaudeba.org.br\/portal\/wp-json\/wp\/v2\/posts\/9069\/revisions"}],"predecessor-version":[{"id":13540,"href":"https:\/\/sindsaudeba.org.br\/portal\/wp-json\/wp\/v2\/posts\/9069\/revisions\/13540"}],"wp:featuredmedia":[{"embeddable":true,"href":"https:\/\/sindsaudeba.org.br\/portal\/wp-json\/wp\/v2\/media\/9070"}],"wp:attachment":[{"href":"https:\/\/sindsaudeba.org.br\/portal\/wp-json\/wp\/v2\/media?parent=9069"}],"wp:term":[{"taxonomy":"category","embeddable":true,"href":"https:\/\/sindsaudeba.org.br\/portal\/wp-json\/wp\/v2\/categories?post=9069"},{"taxonomy":"post_tag","embeddable":true,"href":"https:\/\/sindsaudeba.org.br\/portal\/wp-json\/wp\/v2\/tags?post=9069"}],"curies":[{"name":"wp","href":"https:\/\/api.w.org\/{rel}","templated":true}]}}