{"id":9061,"date":"2017-11-04T22:55:30","date_gmt":"2017-11-05T01:55:30","guid":{"rendered":"http:\/\/www.sindsaudeba.org.br\/novo\/?p=9061"},"modified":"2019-12-13T17:44:22","modified_gmt":"2019-12-13T20:44:22","slug":"mensagem-do-presidente-silvio-roberto-dos-anjos-e-silva-a-1a-conferencia-estadual-de-vigilancia-em-saude","status":"publish","type":"post","link":"https:\/\/sindsaudeba.org.br\/portal\/blog\/mensagem-do-presidente-silvio-roberto-dos-anjos-e-silva-a-1a-conferencia-estadual-de-vigilancia-em-saude\/","title":{"rendered":"Mensagem do presidente S\u00edlvio Roberto dos Anjos e Silva \u00e0 1\u00aa Confer\u00eancia Estadual de Vigil\u00e2ncia em Sa\u00fade"},"content":{"rendered":"<p>&nbsp;<br \/>\n<strong>Evento acontece de 6 a 9 de novembro, no Hotel Fiesta, em Salvador<\/strong><br \/>\n<strong>\u00a0<\/strong><br \/>\n<strong>\u00a0<a href=\"http:\/\/www.sindsaudeba.org.br\/novo\/wp-content\/uploads\/2017\/11\/DSC_0380-2.jpg\"><img loading=\"lazy\" class=\"alignleft size-medium wp-image-9062\" src=\"http:\/\/www.sindsaudeba.org.br\/novo\/wp-content\/uploads\/2017\/11\/DSC_0380-2-300x276.jpg\" alt=\"DSC_0380 (2)\" width=\"300\" height=\"276\" \/><\/a><\/strong><br \/>\n&nbsp;<br \/>\nO Brasil vive hoje sob a l\u00f3gica hegem\u00f4nica neoliberal em sua fase financeira, que se materializou com o golpe parlamentar-midi\u00e1tico-empresarial, a pol\u00edtica macroecon\u00f4mica, a natureza da pol\u00edtica do pagamento da d\u00edvida p\u00fablica, o esgotamento do modelo do presidencialismo de coaliza\u00e7\u00e3o, a EC 95, o sub financiamento das pol\u00edticas sociais, o desmonte e a privatiza\u00e7\u00e3o do SUS. O processo em curso de desestrutura\u00e7\u00e3o da Seguridade Social (Assist\u00eancia Social, Previd\u00eancia e Sa\u00fade), com a implementa\u00e7\u00e3o das reformas Trabalhista e da Previd\u00eancia Social, contribuir\u00e1 para intensificar as iniquidades e as desigualdades intensamente presentes no dia-a-dia da popula\u00e7\u00e3o.<br \/>\nEsse cen\u00e1rio s\u00f3cio-pol\u00edtico-econ\u00f4mico exige uma ampla unidade e organiza\u00e7\u00e3o entre os mais diversos segmentos, que se coloca em sentido contr\u00e1rio ao aprofundamento do desmonte das institui\u00e7\u00f5es voltadas para a garantia dos direitos sociais, na tentativa de aglutinar for\u00e7as sociais em prol da constru\u00e7\u00e3o de um movimento progressista, que acumule pot\u00eancia em prol da defesa da nossa Carta Magna e da manuten\u00e7\u00e3o e amplia\u00e7\u00e3o dos direitos sociais do povo brasileiro.<br \/>\nA Bahia atualmente apresenta um cen\u00e1rio preocupante para os(as) trabalhadores(as) do servi\u00e7o p\u00fablico. S\u00e3o dois anos sem reajuste salarial, consequentemente acumulando perdas salariais e de direitos, o que deixa uma grande parcela do funcionalismo estadual com o sal\u00e1rio abaixo do m\u00ednimo e com o seu poder aquisitivo significativamente reduzido.<br \/>\nO Governo do Estado da Bahia patrocina uma situa\u00e7\u00e3o grave, gra\u00e7as \u00e0 ado\u00e7\u00e3o de medidas como o corte da insalubridade em 2015; a suspens\u00e3o da consigna\u00e7\u00e3o sindical a partir do m\u00eas de maio de 2017, de forma arbitr\u00e1ria; o descumprimento do acordo quanto ao pagamento da progress\u00e3o devida, retroativa a 2014; al\u00e9m do desrespeito \u00e0 decis\u00e3o judicial em rela\u00e7\u00e3o ao pagamento da URV, que j\u00e1 se arrasta h\u00e1 quase vinte anos.<br \/>\nO governador Rui Costa e o secret\u00e1rio da Sa\u00fade, F\u00e1bio Vilas-Boas, t\u00eam se notabilizado pela intransig\u00eancia e falta de di\u00e1logo com as entidades representativas dos(as) trabalhadores(as). Apesar das diversas tentativas, ambos v\u00eam ignorando os apelos do Sindsa\u00fade-Ba. Sabemos que n\u00e3o \u00e9 f\u00e1cil encarar essa pol\u00edtica perversa, que torna cada vez mais distante o sonho da sa\u00fade p\u00fablica de qualidade e universal. Mas n\u00e3o podemos esmorecer diante das adversidades. Pelo contr\u00e1rio, temos que encontrar na uni\u00e3o for\u00e7a para resistir e avan\u00e7ar.<br \/>\nTemos que continuar acreditando que \u00e9 poss\u00edvel um mundo mais justo e igual para todos, onde n\u00e3o impere a desigualdade e a intoler\u00e2ncia. O nosso papel \u00e9 fundamental nesse processo.<br \/>\n&nbsp;<br \/>\n<strong>S\u00d3 UNIIDOS E FORTALECIDOS CONSEGUIREMOS TRANSPOR ESSA INTRANSIG\u00caNCIA DO GOVERNADOR E DO SECRET\u00c1RIO DA SA\u00daDE E TRANSFORMAR ESSA REALIDADE.\u00a0\u00a0\u00a0\u00a0\u00a0\u00a0\u00a0\u00a0\u00a0\u00a0 <\/strong><\/p>\n","protected":false},"excerpt":{"rendered":"<p>&nbsp; Evento acontece de 6 a 9 de novembro, no Hotel Fiesta, em Salvador \u00a0 \u00a0 &nbsp; O Brasil vive hoje sob a l\u00f3gica hegem\u00f4nica neoliberal em sua fase financeira, que se materializou com o golpe parlamentar-midi\u00e1tico-empresarial, a pol\u00edtica macroecon\u00f4mica, a natureza da pol\u00edtica do&#8230;<\/p>\n","protected":false},"author":2,"featured_media":9062,"comment_status":"closed","ping_status":"open","sticky":false,"template":"","format":"standard","meta":[],"categories":[9],"tags":[],"amp_validity":null,"amp_enabled":true,"_links":{"self":[{"href":"https:\/\/sindsaudeba.org.br\/portal\/wp-json\/wp\/v2\/posts\/9061"}],"collection":[{"href":"https:\/\/sindsaudeba.org.br\/portal\/wp-json\/wp\/v2\/posts"}],"about":[{"href":"https:\/\/sindsaudeba.org.br\/portal\/wp-json\/wp\/v2\/types\/post"}],"author":[{"embeddable":true,"href":"https:\/\/sindsaudeba.org.br\/portal\/wp-json\/wp\/v2\/users\/2"}],"replies":[{"embeddable":true,"href":"https:\/\/sindsaudeba.org.br\/portal\/wp-json\/wp\/v2\/comments?post=9061"}],"version-history":[{"count":1,"href":"https:\/\/sindsaudeba.org.br\/portal\/wp-json\/wp\/v2\/posts\/9061\/revisions"}],"predecessor-version":[{"id":13542,"href":"https:\/\/sindsaudeba.org.br\/portal\/wp-json\/wp\/v2\/posts\/9061\/revisions\/13542"}],"wp:featuredmedia":[{"embeddable":true,"href":"https:\/\/sindsaudeba.org.br\/portal\/wp-json\/wp\/v2\/media\/9062"}],"wp:attachment":[{"href":"https:\/\/sindsaudeba.org.br\/portal\/wp-json\/wp\/v2\/media?parent=9061"}],"wp:term":[{"taxonomy":"category","embeddable":true,"href":"https:\/\/sindsaudeba.org.br\/portal\/wp-json\/wp\/v2\/categories?post=9061"},{"taxonomy":"post_tag","embeddable":true,"href":"https:\/\/sindsaudeba.org.br\/portal\/wp-json\/wp\/v2\/tags?post=9061"}],"curies":[{"name":"wp","href":"https:\/\/api.w.org\/{rel}","templated":true}]}}