{"id":9058,"date":"2017-11-04T22:29:15","date_gmt":"2017-11-05T01:29:15","guid":{"rendered":"http:\/\/www.sindsaudeba.org.br\/novo\/?p=9058"},"modified":"2019-12-13T17:44:22","modified_gmt":"2019-12-13T20:44:22","slug":"servidores-assustados-com-inicio-da-municipalizacao-do-hglvf","status":"publish","type":"post","link":"https:\/\/sindsaudeba.org.br\/portal\/blog\/servidores-assustados-com-inicio-da-municipalizacao-do-hglvf\/","title":{"rendered":"Servidores assustados com in\u00edcio da municipaliza\u00e7\u00e3o do HGLVF"},"content":{"rendered":"<p><a href=\"http:\/\/www.sindsaudeba.org.br\/novo\/wp-content\/uploads\/2017\/11\/AC2AC0DD-2280-DBDA-D8CD-3CBA25B3C1A4.jpg\"><img loading=\"lazy\" class=\"alignleft size-medium wp-image-9059\" src=\"http:\/\/www.sindsaudeba.org.br\/novo\/wp-content\/uploads\/2017\/11\/AC2AC0DD-2280-DBDA-D8CD-3CBA25B3C1A4-300x176.jpg\" alt=\"{AC2AC0DD-2280-DBDA-D8CD-3CBA25B3C1A4}\" width=\"300\" height=\"176\" \/><\/a><br \/>\nSindsa\u00fade-Ba questiona a Sesab sobre o processo, que n\u00e3o ouviu os trabalhadores da unidade<br \/>\nOs cerca de 470 servidores lotados no Hospital Geral Luiz Viana Filho, em ilh\u00e9us, est\u00e3o assustados diante do in\u00edcio do processo de municipaliza\u00e7\u00e3o da unidade, oficializado dia 31 de outubro, na SESAB, com a assinatura do Termo de Cess\u00e3o de Uso de Bem M\u00f3vel (n\u00ba 529\\17) pelo prefeito em exerc\u00edcio Jos\u00e9 Nazal Pacheco Soub. O Sindsa\u00fade-Ba questiona a gest\u00e3o sobre o processo, adotado sem prestar esclarecimentos aos trabalhadores, que encontram-se alarmados diante da falta de informa\u00e7\u00f5es sobre a situa\u00e7\u00e3o trabalhista.<br \/>\nA diretoria da entidade j\u00e1 fez v\u00e1rias sondagens junto \u00e0 SESAB cobrando um posicionamento sobre a municipaliza\u00e7\u00e3o, inclusive na \u00faltima reuni\u00e3o com a superintendente de RH, Maria do Ros\u00e1rio Muricy, dia 16 de outubro, mas o destino dos servidores do HGLVF continua sendo uma grande interroga\u00e7\u00e3o.<br \/>\nO Sindsa\u00fade encaminhou tamb\u00e9m of\u00edcio ao secret\u00e1rio da Sa\u00fade, F\u00e1bio Vilas Boas, sobre a situa\u00e7\u00e3o do Luiz Viana Filho, mas at\u00e9 o momento sem qualquer resposta. Al\u00e9m disso os servidores do HRLVF est\u00e3o fazendo abaixo-assinado pleiteando a reloca\u00e7\u00e3o para o Hospital\u00a0 da Costa do Cacau.<br \/>\nA vice-presidente do sindicato, Tereza Deir\u00f3, esteve em Ilh\u00e9us para ouvir os trabalhadores, quando demonstraram insatisfa\u00e7\u00e3o diante do total desrespeito com que est\u00e3o sendo tratados. Eles relataram a falta de di\u00e1logo por parte da gest\u00e3o da unidade, que tem ignorado o pleito dos servidores pela transfer\u00eancia para o novo hospital.<br \/>\nhttp:\/\/www.ilheus.ba.gov.br\/detalhe-da-materia\/info\/prefeitura-oficializa-municipalizacao-do-hospital-regional-luiz-viana\/70059<br \/>\n&nbsp;<\/p>\n","protected":false},"excerpt":{"rendered":"<p>Sindsa\u00fade-Ba questiona a Sesab sobre o processo, que n\u00e3o ouviu os trabalhadores da unidade Os cerca de 470 servidores lotados no Hospital Geral Luiz Viana Filho, em ilh\u00e9us, est\u00e3o assustados diante do in\u00edcio do processo de municipaliza\u00e7\u00e3o da unidade, oficializado dia 31 de outubro, na&#8230;<\/p>\n","protected":false},"author":2,"featured_media":9059,"comment_status":"closed","ping_status":"open","sticky":false,"template":"","format":"standard","meta":[],"categories":[9],"tags":[],"amp_validity":null,"amp_enabled":true,"_links":{"self":[{"href":"https:\/\/sindsaudeba.org.br\/portal\/wp-json\/wp\/v2\/posts\/9058"}],"collection":[{"href":"https:\/\/sindsaudeba.org.br\/portal\/wp-json\/wp\/v2\/posts"}],"about":[{"href":"https:\/\/sindsaudeba.org.br\/portal\/wp-json\/wp\/v2\/types\/post"}],"author":[{"embeddable":true,"href":"https:\/\/sindsaudeba.org.br\/portal\/wp-json\/wp\/v2\/users\/2"}],"replies":[{"embeddable":true,"href":"https:\/\/sindsaudeba.org.br\/portal\/wp-json\/wp\/v2\/comments?post=9058"}],"version-history":[{"count":1,"href":"https:\/\/sindsaudeba.org.br\/portal\/wp-json\/wp\/v2\/posts\/9058\/revisions"}],"predecessor-version":[{"id":13543,"href":"https:\/\/sindsaudeba.org.br\/portal\/wp-json\/wp\/v2\/posts\/9058\/revisions\/13543"}],"wp:featuredmedia":[{"embeddable":true,"href":"https:\/\/sindsaudeba.org.br\/portal\/wp-json\/wp\/v2\/media\/9059"}],"wp:attachment":[{"href":"https:\/\/sindsaudeba.org.br\/portal\/wp-json\/wp\/v2\/media?parent=9058"}],"wp:term":[{"taxonomy":"category","embeddable":true,"href":"https:\/\/sindsaudeba.org.br\/portal\/wp-json\/wp\/v2\/categories?post=9058"},{"taxonomy":"post_tag","embeddable":true,"href":"https:\/\/sindsaudeba.org.br\/portal\/wp-json\/wp\/v2\/tags?post=9058"}],"curies":[{"name":"wp","href":"https:\/\/api.w.org\/{rel}","templated":true}]}}