{"id":9032,"date":"2017-11-01T12:43:48","date_gmt":"2017-11-01T15:43:48","guid":{"rendered":"http:\/\/www.sindsaudeba.org.br\/novo\/?p=9032"},"modified":"2019-12-13T17:44:22","modified_gmt":"2019-12-13T20:44:22","slug":"encerramento-do-outubro-rosa-marca-transferencia-do-ncsl-para-o-mct","status":"publish","type":"post","link":"https:\/\/sindsaudeba.org.br\/portal\/blog\/encerramento-do-outubro-rosa-marca-transferencia-do-ncsl-para-o-mct\/","title":{"rendered":"Encerramento do Outubro Rosa marca  transfer\u00eancia do NCSL para o MCT"},"content":{"rendered":"<p><a href=\"http:\/\/www.sindsaudeba.org.br\/novo\/wp-content\/uploads\/2017\/11\/1c2757d7-152a-44ef-89d7-0995e726b5f31.jpg\"><img loading=\"lazy\" class=\"alignleft size-medium wp-image-9037\" src=\"http:\/\/www.sindsaudeba.org.br\/novo\/wp-content\/uploads\/2017\/11\/1c2757d7-152a-44ef-89d7-0995e726b5f31-300x255.jpg\" alt=\"1c2757d7-152a-44ef-89d7-0995e726b5f3\" width=\"300\" height=\"255\" \/><\/a> <em>Outra reuni\u00e3o acontecer\u00e1 nesta quarta (1\u00ba) para discutir novo cronograma<\/em><br \/>\n&nbsp;<br \/>\n&nbsp;<br \/>\n&nbsp;<br \/>\n&nbsp;<br \/>\nAs novas instala\u00e7\u00f5es do N\u00facleo Regional de Sa\u00fade Leste (NCSL), no Museu de Ci\u00eancia e Tecnologia (MCT), no Imbu\u00ed, foram inauguradas simbolicamente com um ato de encerramento da campanha Outubro Rosa, na ter\u00e7a-feira (31). O Sindsa\u00fade-Ba foi representado pela vice-presidente Tereza Deir\u00f3, que destacou a continuidade da luta para transfer\u00eancia, o mais r\u00e1pido poss\u00edvel, dos setores que ainda funcionam no antigo pr\u00e9dio da Secretaria de Justi\u00e7a e Direitos Humanos, deteriorado em fun\u00e7\u00e3o do inc\u00eandio ocorrido em 2014.<br \/>\nTereza alertou para a import\u00e2ncia da uni\u00e3o da categoria para refor\u00e7ar as lutas coletivas por melhores condi\u00e7\u00f5es de trabalho, seguran\u00e7a e dignidade. Ressaltou, tamb\u00e9m, o empenho do Sindsa\u00fade-Ba para que n\u00e3o apenas o NRSL, mas todos os trabalhadores\u00a0 da SAFTEC, SUREGS e Auditoria, saiam o quanto antes do pr\u00e9dio condenado para outro com condi\u00e7\u00f5es adequadas e dignas de trabalho. Gra\u00e7as a essa resist\u00eancia, os servidores lotados nestes setores j\u00e1 est\u00e3o com seus materiais de trabalho embalados para a mudan\u00e7a.<br \/>\n<a href=\"http:\/\/www.sindsaudeba.org.br\/novo\/wp-content\/uploads\/2017\/11\/864ce12f-26c9-41f1-aac2-142ccfafeb97.jpg\"><img loading=\"lazy\" class=\"alignleft size-medium wp-image-9036\" src=\"http:\/\/www.sindsaudeba.org.br\/novo\/wp-content\/uploads\/2017\/11\/864ce12f-26c9-41f1-aac2-142ccfafeb97-300x169.jpg\" alt=\"864ce12f-26c9-41f1-aac2-142ccfafeb97\" width=\"300\" height=\"169\" \/><\/a><br \/>\nNesta quarta-feira, 1\u00ba de novembro, haver\u00e1 nova reuni\u00e3o\u00a0 do Sindsa\u00fade com a Comiss\u00e3o de Servidores e o assessor da Sesab, Diego Alvarez, com o objetivo de solucionar pend\u00eancias nas novas salas do MCT (ar condicionado, divis\u00f3rias e instala\u00e7\u00f5es el\u00e9tricas) e apresenta\u00e7\u00e3o de novo cronograma de mudan\u00e7a, ainda para a primeira quinzena de novembro, dos 130 trabalhadores lotados na SAFTEC.<br \/>\nAssustados com o estado de deteriora\u00e7\u00e3o do antigo pr\u00e9dio, os servidores clamam por agilidade, j\u00e1 que,\u00a0 por uma s\u00e9rie de entraves, a transfer\u00eancia do N\u00facleo e da SAFTEC, que deveria ter acontecido desde meados de setembro, ainda n\u00e3o aconteceu.<br \/>\nO coordenador do NRSL, Radaman de Souza Barreto, reconheceu a luta dos servidores junto ao Sindsa\u00fade, observando que h\u00e1 mais de cinco meses o grupo negocia a sa\u00edda do antigo pr\u00e9dio da Justi\u00e7a e Direitos Humanos, devido \u00e0 falta de seguran\u00e7a e p\u00e9ssimas condi\u00e7\u00f5es de trabalho, desde a ocorr\u00eancia do inc\u00eandio. Os servidores comemoraram a conquista de mais essa luta, frisando que agora, com melhores condi\u00e7\u00f5es de trabalho e livres do risco a que estavam expostos, poder\u00e3o trabalhar com mais tranquilidade e equil\u00edbrio emocional.<br \/>\n<a href=\"http:\/\/www.sindsaudeba.org.br\/novo\/wp-content\/uploads\/2017\/11\/7c874860-6f6e-4b17-ae1f-4528fceb7956.jpg\"><img loading=\"lazy\" class=\"alignleft size-medium wp-image-9034\" src=\"http:\/\/www.sindsaudeba.org.br\/novo\/wp-content\/uploads\/2017\/11\/7c874860-6f6e-4b17-ae1f-4528fceb7956-300x169.jpg\" alt=\"7c874860-6f6e-4b17-ae1f-4528fceb7956\" width=\"300\" height=\"169\" \/><\/a><br \/>\n&nbsp;<br \/>\n&nbsp;<br \/>\n&nbsp;<br \/>\n&nbsp;<br \/>\n<strong>Palestras<\/strong> &#8211; Durante o evento houve palestra sobre a import\u00e2ncia da preven\u00e7\u00e3o do C\u00e2ncer de Mama, alimenta\u00e7\u00e3o funcional e saud\u00e1vel, com depoimentos de mulheres que enfrentaram a doen\u00e7a.<br \/>\n<a href=\"http:\/\/www.sindsaudeba.org.br\/novo\/wp-content\/uploads\/2017\/11\/10f9fabe-fb57-413c-a7ae-7dbbf7550133.jpg\"><img loading=\"lazy\" class=\"alignleft size-medium wp-image-9035\" src=\"http:\/\/www.sindsaudeba.org.br\/novo\/wp-content\/uploads\/2017\/11\/10f9fabe-fb57-413c-a7ae-7dbbf7550133-300x169.jpg\" alt=\"10f9fabe-fb57-413c-a7ae-7dbbf7550133\" width=\"300\" height=\"169\" \/><\/a><\/p>\n","protected":false},"excerpt":{"rendered":"<p>Outra reuni\u00e3o acontecer\u00e1 nesta quarta (1\u00ba) para discutir novo cronograma &nbsp; &nbsp; &nbsp; &nbsp; As novas instala\u00e7\u00f5es do N\u00facleo Regional de Sa\u00fade Leste (NCSL), no Museu de Ci\u00eancia e Tecnologia (MCT), no Imbu\u00ed, foram inauguradas simbolicamente com um ato de encerramento da campanha Outubro Rosa,&#8230;<\/p>\n","protected":false},"author":2,"featured_media":9037,"comment_status":"closed","ping_status":"open","sticky":false,"template":"","format":"standard","meta":[],"categories":[11],"tags":[],"amp_validity":null,"amp_enabled":true,"_links":{"self":[{"href":"https:\/\/sindsaudeba.org.br\/portal\/wp-json\/wp\/v2\/posts\/9032"}],"collection":[{"href":"https:\/\/sindsaudeba.org.br\/portal\/wp-json\/wp\/v2\/posts"}],"about":[{"href":"https:\/\/sindsaudeba.org.br\/portal\/wp-json\/wp\/v2\/types\/post"}],"author":[{"embeddable":true,"href":"https:\/\/sindsaudeba.org.br\/portal\/wp-json\/wp\/v2\/users\/2"}],"replies":[{"embeddable":true,"href":"https:\/\/sindsaudeba.org.br\/portal\/wp-json\/wp\/v2\/comments?post=9032"}],"version-history":[{"count":1,"href":"https:\/\/sindsaudeba.org.br\/portal\/wp-json\/wp\/v2\/posts\/9032\/revisions"}],"predecessor-version":[{"id":13546,"href":"https:\/\/sindsaudeba.org.br\/portal\/wp-json\/wp\/v2\/posts\/9032\/revisions\/13546"}],"wp:featuredmedia":[{"embeddable":true,"href":"https:\/\/sindsaudeba.org.br\/portal\/wp-json\/wp\/v2\/media\/9037"}],"wp:attachment":[{"href":"https:\/\/sindsaudeba.org.br\/portal\/wp-json\/wp\/v2\/media?parent=9032"}],"wp:term":[{"taxonomy":"category","embeddable":true,"href":"https:\/\/sindsaudeba.org.br\/portal\/wp-json\/wp\/v2\/categories?post=9032"},{"taxonomy":"post_tag","embeddable":true,"href":"https:\/\/sindsaudeba.org.br\/portal\/wp-json\/wp\/v2\/tags?post=9032"}],"curies":[{"name":"wp","href":"https:\/\/api.w.org\/{rel}","templated":true}]}}