{"id":9023,"date":"2017-10-31T23:52:20","date_gmt":"2017-11-01T02:52:20","guid":{"rendered":"http:\/\/www.sindsaudeba.org.br\/novo\/?p=9023"},"modified":"2019-12-13T17:44:23","modified_gmt":"2019-12-13T20:44:23","slug":"aprovado-regimento-do-x-congresso-do-sindsaude-ba","status":"publish","type":"post","link":"https:\/\/sindsaudeba.org.br\/portal\/blog\/aprovado-regimento-do-x-congresso-do-sindsaude-ba\/","title":{"rendered":"Aprovado Regimento do X Congresso do Sindsa\u00fade-Ba"},"content":{"rendered":"<p><strong><a href=\"http:\/\/www.sindsaudeba.org.br\/novo\/wp-content\/uploads\/2017\/10\/Assembleia-regimento-do-X-Congresso-ubaldo-2.jpg\"><img loading=\"lazy\" class=\"alignleft size-medium wp-image-9025\" src=\"http:\/\/www.sindsaudeba.org.br\/novo\/wp-content\/uploads\/2017\/10\/Assembleia-regimento-do-X-Congresso-ubaldo-2-300x168.jpg\" alt=\"Assembleia regimento do X Congresso - ubaldo (2)\" width=\"300\" height=\"168\" \/><\/a><\/strong><br \/>\n&nbsp;<br \/>\nEm assembleia especifica para leitura e aprova\u00e7\u00e3o do Regimento do X Congresso do Sindsa\u00fade-Ba, no final da tarde desta ter\u00e7a-feira (31), na Associa\u00e7\u00e3o dos Funcion\u00e1rios P\u00fablicos, foi decidido que o documento ser\u00e1 publicado no site do sindicato, para amplo conhecimento dos associados e acompanhamento do processo eleitoral. O texto tamb\u00e9m ser\u00e1 lido em plen\u00e1ria na abertura do evento, podendo receber novas contribui\u00e7\u00f5es da categoria.<br \/>\n<a href=\"http:\/\/www.sindsaudeba.org.br\/novo\/wp-content\/uploads\/2017\/10\/Assembleia-do-regimento-congresso-Ubaldo-2.jpg\"><img loading=\"lazy\" class=\"alignleft size-medium wp-image-9024\" src=\"http:\/\/www.sindsaudeba.org.br\/novo\/wp-content\/uploads\/2017\/10\/Assembleia-do-regimento-congresso-Ubaldo-2-300x178.jpg\" alt=\"Assembleia do regimento congresso - Ubaldo (2)\" width=\"300\" height=\"178\" \/><\/a><br \/>\nFoi feita tamb\u00e9m a leitura da programa\u00e7\u00e3o do Congresso e apresentado o calend\u00e1rio de assembleias nas unidades para elei\u00e7\u00e3o dos delegados. Os servidores elegeram uma comiss\u00e3o auxiliar,\u00a0 que ajudar\u00e1 \u00e0s comiss\u00f5es\u00a0 que ser\u00e3o constitu\u00eddas pela diretoria do sindicato para condu\u00e7\u00e3o de todo o processo de constru\u00e7\u00e3o do Congresso.<br \/>\nO presidente do sindicato, S\u00edlvio Roberto dos Anjos e Silva, falou sobre a import\u00e2ncia do Congresso para discuss\u00e3o dos temas de interesse dos trabalhadores da Sa\u00fade e elei\u00e7\u00e3o da pr\u00f3xima diretoria.<br \/>\n&nbsp;<br \/>\nFotos: Jo\u00e3o Ubaldo<\/p>\n","protected":false},"excerpt":{"rendered":"<p>&nbsp; Em assembleia especifica para leitura e aprova\u00e7\u00e3o do Regimento do X Congresso do Sindsa\u00fade-Ba, no final da tarde desta ter\u00e7a-feira (31), na Associa\u00e7\u00e3o dos Funcion\u00e1rios P\u00fablicos, foi decidido que o documento ser\u00e1 publicado no site do sindicato, para amplo conhecimento dos associados e acompanhamento&#8230;<\/p>\n","protected":false},"author":2,"featured_media":9024,"comment_status":"closed","ping_status":"open","sticky":false,"template":"","format":"standard","meta":[],"categories":[11],"tags":[],"amp_validity":null,"amp_enabled":true,"_links":{"self":[{"href":"https:\/\/sindsaudeba.org.br\/portal\/wp-json\/wp\/v2\/posts\/9023"}],"collection":[{"href":"https:\/\/sindsaudeba.org.br\/portal\/wp-json\/wp\/v2\/posts"}],"about":[{"href":"https:\/\/sindsaudeba.org.br\/portal\/wp-json\/wp\/v2\/types\/post"}],"author":[{"embeddable":true,"href":"https:\/\/sindsaudeba.org.br\/portal\/wp-json\/wp\/v2\/users\/2"}],"replies":[{"embeddable":true,"href":"https:\/\/sindsaudeba.org.br\/portal\/wp-json\/wp\/v2\/comments?post=9023"}],"version-history":[{"count":1,"href":"https:\/\/sindsaudeba.org.br\/portal\/wp-json\/wp\/v2\/posts\/9023\/revisions"}],"predecessor-version":[{"id":13548,"href":"https:\/\/sindsaudeba.org.br\/portal\/wp-json\/wp\/v2\/posts\/9023\/revisions\/13548"}],"wp:featuredmedia":[{"embeddable":true,"href":"https:\/\/sindsaudeba.org.br\/portal\/wp-json\/wp\/v2\/media\/9024"}],"wp:attachment":[{"href":"https:\/\/sindsaudeba.org.br\/portal\/wp-json\/wp\/v2\/media?parent=9023"}],"wp:term":[{"taxonomy":"category","embeddable":true,"href":"https:\/\/sindsaudeba.org.br\/portal\/wp-json\/wp\/v2\/categories?post=9023"},{"taxonomy":"post_tag","embeddable":true,"href":"https:\/\/sindsaudeba.org.br\/portal\/wp-json\/wp\/v2\/tags?post=9023"}],"curies":[{"name":"wp","href":"https:\/\/api.w.org\/{rel}","templated":true}]}}