{"id":900,"date":"2013-03-18T14:23:30","date_gmt":"2013-03-18T17:23:30","guid":{"rendered":"http:\/\/www.sindsaudeba.org.br\/novo\/?p=900"},"modified":"2019-12-13T18:00:29","modified_gmt":"2019-12-13T21:00:29","slug":"sindsaude-e-trabalhadores-dizem-nao-a-privatizacao-em-audiencia-com-solla","status":"publish","type":"post","link":"https:\/\/sindsaudeba.org.br\/portal\/blog\/sindsaude-e-trabalhadores-dizem-nao-a-privatizacao-em-audiencia-com-solla\/","title":{"rendered":"Sindsa\u00fade e trabalhadores dizem n\u00e3o \u00e0 privatiza\u00e7\u00e3o em audi\u00eancia com Solla"},"content":{"rendered":"<p>Em audi\u00eancia p\u00fablica realizada na cidade de Feira de Santana, o Sindsa\u00fade-Ba, os trabalhadores e usu\u00e1rios do Hospital Geral Cl\u00e9riston Andrade refor\u00e7aram junto ao secret\u00e1rio estadual de sa\u00fade, Jorge Solla, posi\u00e7\u00e3o contr\u00e1ria \u00e0 privatiza\u00e7\u00e3o da unidade. O evento foi realizado na sede da C\u00e2mara de Dirigentes Lojistas (CDL), na \u00faltima quarta-feira (13), \u00e0s 9h.<br \/>\n&nbsp;<br \/>\nA audi\u00eancia contou tamb\u00e9m com a participa\u00e7\u00e3o do Sindimed, deputados estaduais, vereadores, representantes pol\u00edticos e com o presidente da Comiss\u00e3o de Sa\u00fade da Assembleia Legislativa da Bahia, Jos\u00e9 de Arimat\u00e9ia. Durante o encontro, o secret\u00e1rio apresentou o projeto do Estado para mudan\u00e7a de gest\u00e3o do hospital, argumentando que o modelo n\u00e3o se tratava de uma privatiza\u00e7\u00e3o, mas de uma gest\u00e3o por entidade filantr\u00f3pica, atrav\u00e9s de Organiza\u00e7\u00e3o Social (OS).No entanto, Solla n\u00e3o soube explicar o questionamento do Sindsa\u00fade-Ba em rela\u00e7\u00e3o \u00e0s garantias do plano de carreira dos servidores.<br \/>\nO secret\u00e1rio afirmou que o modelo de contrata\u00e7\u00e3o da OS ser\u00e1 esclarecido no edital de licita\u00e7\u00e3o que ainda ser\u00e1 lan\u00e7ado pela Sesab. No final da audi\u00eancia, o Sindsa\u00fade e os trabalhadores lan\u00e7aram um desafio ao secret\u00e1rio. Eles pediram que o projeto de privatiza\u00e7\u00e3o do HGCA fosse suspenso, e que, num per\u00edodo de um ano, os funcion\u00e1rios passassem a participar da administra\u00e7\u00e3o do hospital para provar que \u00e9 poss\u00edvel a melhoria da qualidade de atendimento sem a mudan\u00e7a do modelo de gest\u00e3o.<br \/>\n&nbsp;<br \/>\nLiminar pro\u00edbe privatiza\u00e7\u00e3o<br \/>\n&nbsp;<br \/>\nUma liminar concedida pelo juiz Roque Rui Barbosa de Ara\u00fajo, de Feira de Santana, suspendeu o processo de privatiza\u00e7\u00e3o do HGCA. O pedido de suspens\u00e3o foi feito pelo diretor do sindicato dos Enfermeiros do Estado da Bahia (SEEB), Edkl\u00e9rcio de Mendon\u00e7a Gomes. A Sesab afirmou que encaminhar\u00e1 expediente \u00e0 Procuradoria Geral do Estado (PGE) para que possam ser adotadas as medidas cab\u00edveis que levem a uma revers\u00e3o da liminar.<\/p>\n","protected":false},"excerpt":{"rendered":"<p>Em audi\u00eancia p\u00fablica realizada na cidade de Feira de Santana, o Sindsa\u00fade-Ba, os trabalhadores e usu\u00e1rios do Hospital Geral Cl\u00e9riston Andrade refor\u00e7aram junto ao secret\u00e1rio estadual de sa\u00fade, Jorge Solla, posi\u00e7\u00e3o contr\u00e1ria \u00e0 privatiza\u00e7\u00e3o da unidade. O evento foi realizado na sede da C\u00e2mara de&#8230;<\/p>\n","protected":false},"author":2,"featured_media":901,"comment_status":"open","ping_status":"open","sticky":false,"template":"","format":"standard","meta":[],"categories":[8],"tags":[],"amp_validity":null,"amp_enabled":true,"_links":{"self":[{"href":"https:\/\/sindsaudeba.org.br\/portal\/wp-json\/wp\/v2\/posts\/900"}],"collection":[{"href":"https:\/\/sindsaudeba.org.br\/portal\/wp-json\/wp\/v2\/posts"}],"about":[{"href":"https:\/\/sindsaudeba.org.br\/portal\/wp-json\/wp\/v2\/types\/post"}],"author":[{"embeddable":true,"href":"https:\/\/sindsaudeba.org.br\/portal\/wp-json\/wp\/v2\/users\/2"}],"replies":[{"embeddable":true,"href":"https:\/\/sindsaudeba.org.br\/portal\/wp-json\/wp\/v2\/comments?post=900"}],"version-history":[{"count":1,"href":"https:\/\/sindsaudeba.org.br\/portal\/wp-json\/wp\/v2\/posts\/900\/revisions"}],"predecessor-version":[{"id":14571,"href":"https:\/\/sindsaudeba.org.br\/portal\/wp-json\/wp\/v2\/posts\/900\/revisions\/14571"}],"wp:featuredmedia":[{"embeddable":true,"href":"https:\/\/sindsaudeba.org.br\/portal\/wp-json\/wp\/v2\/media\/901"}],"wp:attachment":[{"href":"https:\/\/sindsaudeba.org.br\/portal\/wp-json\/wp\/v2\/media?parent=900"}],"wp:term":[{"taxonomy":"category","embeddable":true,"href":"https:\/\/sindsaudeba.org.br\/portal\/wp-json\/wp\/v2\/categories?post=900"},{"taxonomy":"post_tag","embeddable":true,"href":"https:\/\/sindsaudeba.org.br\/portal\/wp-json\/wp\/v2\/tags?post=900"}],"curies":[{"name":"wp","href":"https:\/\/api.w.org\/{rel}","templated":true}]}}