{"id":8977,"date":"2017-10-28T18:33:11","date_gmt":"2017-10-28T21:33:11","guid":{"rendered":"http:\/\/www.sindsaudeba.org.br\/novo\/?p=8977"},"modified":"2019-12-13T17:44:23","modified_gmt":"2019-12-13T20:44:23","slug":"sessao-especial-celebrou-os-28-anos-de-lutas-do-sindsaude-ba","status":"publish","type":"post","link":"https:\/\/sindsaudeba.org.br\/portal\/blog\/sessao-especial-celebrou-os-28-anos-de-lutas-do-sindsaude-ba\/","title":{"rendered":"Sess\u00e3o especial celebrou os 28 anos de lutas do Sindsa\u00fade-Ba"},"content":{"rendered":"<p><a href=\"http:\/\/www.sindsaudeba.org.br\/novo\/wp-content\/uploads\/2017\/10\/DSC_0352.jpg\"><img loading=\"lazy\" class=\"alignleft size-medium wp-image-8979\" src=\"http:\/\/www.sindsaudeba.org.br\/novo\/wp-content\/uploads\/2017\/10\/DSC_0352-300x200.jpg\" alt=\"DSC_0352\" width=\"300\" height=\"200\" \/><\/a><br \/>\n<strong>\u00a0<\/strong><br \/>\n<strong>\u00a0<\/strong><em>Homenagem foi presidida pela vereadora Aladilce Souza, fundadora e diretora da entidade<\/em><br \/>\n&nbsp;<br \/>\nA pol\u00edtica de desmonte do SUS, promovida pelo governo federal, e a falta de reajustes salariais tanto em n\u00edvel estadual quanto municipal, foram apontadas pela vereadora Aladilce Souza (PCdoB) como algumas das atuais frentes de luta do Sindicato dos Trabalhadores em Sa\u00fade do Estado da Bahia (Sindsa\u00fade-Ba). Para comemorar os 28 anos de atua\u00e7\u00e3o da entidade ela promoveu, na tarde desta sexta-feira (27), sess\u00e3o especial no Plen\u00e1rio Cosme de Farias, da C\u00e2mara Municipal de Salvador.<br \/>\nFundadora, ex-presidente por tr\u00eas mandatos e atualmente diretora do sindicato, Aladilce destacou a trajet\u00f3ria de lutas em defesa dos trabalhadores da Sa\u00fade, relembrando campanhas que classificou como memor\u00e1veis. Como exemplos citou a defesa da implanta\u00e7\u00e3o do Plano de Cargos e a a\u00e7\u00e3o na Justi\u00e7a pelo pagamento da URV, assim como a luta contra a terceiriza\u00e7\u00e3o dos servi\u00e7os p\u00fablicos.<br \/>\n<a href=\"http:\/\/www.sindsaudeba.org.br\/novo\/wp-content\/uploads\/2017\/10\/DSC_0349.jpg\"><img loading=\"lazy\" class=\"alignleft size-medium wp-image-8980\" src=\"http:\/\/www.sindsaudeba.org.br\/novo\/wp-content\/uploads\/2017\/10\/DSC_0349-300x200.jpg\" alt=\"DSC_0349\" width=\"300\" height=\"200\" \/><\/a><br \/>\nAl\u00e9m de comemorar as lutas do Sindsa\u00fade, a sess\u00e3o abordou o atual cen\u00e1rio pol\u00edtico. \u201cVivemos um per\u00edodo de extremo retrocesso pol\u00edtico e a \u00e1rea da Sa\u00fade \u00e9 uma das mais afetadas. H\u00e1 um desmonte do SUS promovido por Temer e seus aliados\u201d, frisou a vereadora, classificando o SUS como a maior pol\u00edtica de Estado institu\u00edda no pa\u00eds ap\u00f3s a Constitui\u00e7\u00e3o de 1988.<br \/>\n&nbsp;<br \/>\n<strong>Manifesta\u00e7\u00e3o<\/strong><br \/>\n&nbsp;<br \/>\nO presidente da entidade, S\u00edlvio Roberto dos Anjos e Silva, tamb\u00e9m ressaltou fases da hist\u00f3ria do sindicato e se disse orgulhoso por fazer parte dela. Devido \u00e0 proximidade do Dia do Servidor P\u00fablico, 28 de outubro, ele frisou que a categoria tem pouco a comemorar, sobretudo os trabalhadores da Sa\u00fade.<br \/>\n<a href=\"http:\/\/www.sindsaudeba.org.br\/novo\/wp-content\/uploads\/2017\/10\/DSC_0380.jpg\"><img loading=\"lazy\" class=\"alignleft size-medium wp-image-8981\" src=\"http:\/\/www.sindsaudeba.org.br\/novo\/wp-content\/uploads\/2017\/10\/DSC_0380-200x300.jpg\" alt=\"DSC_0380\" width=\"200\" height=\"300\" \/><\/a><br \/>\n\u201cNossa situa\u00e7\u00e3o \u00e9 ainda mais grave devido \u00e0 evidente estrat\u00e9gia de enfraquecimento do SUS, priorizando a terceiriza\u00e7\u00e3o. Al\u00e9m de estarmos h\u00e1 dois anos sem reajuste salarial, enfrentamos a morosidade da Sesab para despachar processos de aposentadoria e promo\u00e7\u00e3o. Como se n\u00e3o bastasse, o governo ainda est\u00e1 descumprindo a lei em rela\u00e7\u00e3o \u00e0 retroatividade na quest\u00e3o da progress\u00e3o de 2014\u201d, declarou S\u00edlvio Roberto. Ele convocou todos os sindicatos de servidores do estado a refor\u00e7ar a manifesta\u00e7\u00e3o que o Sindsa\u00fade promover\u00e1 na pr\u00f3xima segunda-feira (30), \u00e0s 9h, na Secretaria da Administra\u00e7\u00e3o (Saeb), em protesto contra a pol\u00edtica de desvaloriza\u00e7\u00e3o da categoria.<br \/>\nA vice-presidente Tereza Deir\u00f3 tamb\u00e9m defendeu o fortalecimento do SUS, \u201cque est\u00e1 sendo solapado na sua ess\u00eancia\u201d. E conclamou os colegas a refor\u00e7arem as lutas junto com o sindicato, para barrar a continuidade da pol\u00edtica de redu\u00e7\u00e3o de direitos trabalhistas.<br \/>\n<a href=\"http:\/\/www.sindsaudeba.org.br\/novo\/wp-content\/uploads\/2017\/10\/DSC_0443.jpg\"><img loading=\"lazy\" class=\"alignleft size-medium wp-image-8982\" src=\"http:\/\/www.sindsaudeba.org.br\/novo\/wp-content\/uploads\/2017\/10\/DSC_0443-300x200.jpg\" alt=\"DSC_0443\" width=\"300\" height=\"200\" \/><\/a><br \/>\nCompuseram a mesa da sess\u00e3o, ainda, a coordenadora da Federa\u00e7\u00e3o dos Trabalhadores P\u00fablicos do Estado da Bahia (Fetrab), Marinalva Nunes; do diretor da Associa\u00e7\u00e3o dos Funcion\u00e1rios P\u00fablicos (AFPEB), Carlos Baracho; a coordenadora do Departamento Intersindical de Estat\u00edstica e Estudos Socioecon\u00f4micos (Dieese-Ba), Ana Georgina Dias; a representante da Uni\u00e3o Brasileira de Mulheres, Nat\u00e1lia Gon\u00e7alves; a vice-presidente do Conselho Regional de Enfermagem, Laurinda Lula; a diretora do Sindsefaz, Gilv\u00e2nia Martins; e a diretora do Simpojud, Girlene Santana.<br \/>\n<a href=\"http:\/\/www.sindsaudeba.org.br\/novo\/wp-content\/uploads\/2017\/10\/DSC_0345.jpg\"><img loading=\"lazy\" class=\"alignleft size-medium wp-image-8978\" src=\"http:\/\/www.sindsaudeba.org.br\/novo\/wp-content\/uploads\/2017\/10\/DSC_0345-300x200.jpg\" alt=\"DSC_0345\" width=\"300\" height=\"200\" \/><\/a><br \/>\n&nbsp;<br \/>\n&nbsp;<br \/>\n&nbsp;<br \/>\n&nbsp;<br \/>\nO Coral da C\u00e2mara se apresentou, sob a reg\u00eancia do maestro Carlos Veiga. Durante o evento foram exibidos depoimentos de antigos associados, que falaram sobre o orgulho de fazer parte da hist\u00f3ria da entidade. A senadora L\u00eddice da Mata e a deputada federal Alice Portugal enviaram mensagem parabenizando o sindicato e justificando a aus\u00eancia.<br \/>\n<a href=\"http:\/\/www.sindsaudeba.org.br\/novo\/wp-content\/uploads\/2017\/10\/DSC_0316.jpg\"><img loading=\"lazy\" class=\"alignleft size-medium wp-image-8983\" src=\"http:\/\/www.sindsaudeba.org.br\/novo\/wp-content\/uploads\/2017\/10\/DSC_0316-300x200.jpg\" alt=\"DSC_0316\" width=\"300\" height=\"200\" \/><\/a><br \/>\n&nbsp;<br \/>\n<a href=\"http:\/\/www.sindsaudeba.org.br\/novo\/wp-content\/uploads\/2017\/10\/DSC_0319.jpg\"><img loading=\"lazy\" class=\"alignleft size-medium wp-image-8984\" src=\"http:\/\/www.sindsaudeba.org.br\/novo\/wp-content\/uploads\/2017\/10\/DSC_0319-300x200.jpg\" alt=\"DSC_0319\" width=\"300\" height=\"200\" \/><\/a><br \/>\n&nbsp;<br \/>\nFotos: Jo\u00e3o Ubaldo<br \/>\n&nbsp;<br \/>\n&nbsp;<br \/>\n&nbsp;<br \/>\n&nbsp;<br \/>\n&nbsp;<br \/>\n<strong>Homenagens<\/strong> \u2013 V\u00e1rias pessoas que contribu\u00edram para a trajet\u00f3ria do Sindsa\u00fade foram homenageadas na sess\u00e3o: o presidente S\u00edlvio Roberto; as ex-presidentes e diretoras Tereza Deir\u00f3 e Inalba Fontenelle; o ex-diretor Solon Melo de Souza, de Barreiras, que emocionou a todos ao falar representando os servidores do interior; as t\u00e9cnicas de enfermagem B\u00e1rbara Cardoso e Erid\u00e9ia Lobo; a enfermeira do HGRS Maria do Esp\u00edrito Santo; a t\u00e9cnica-administrativa K\u00e1tia, do CAB, que n\u00e3o pode comparecer e foi representada pela colega Juc\u00e9lia; e os funcion\u00e1rios do sindicato Victor Meira da Cunha, Simone Silveira, Iraci Costa e Gl\u00f3ria Nunes.<br \/>\n<a href=\"http:\/\/www.sindsaudeba.org.br\/novo\/wp-content\/uploads\/2017\/10\/DSC_0429.jpg\"><img loading=\"lazy\" class=\"alignleft size-medium wp-image-8985\" src=\"http:\/\/www.sindsaudeba.org.br\/novo\/wp-content\/uploads\/2017\/10\/DSC_0429-300x200.jpg\" alt=\"DSC_0429\" width=\"300\" height=\"200\" \/><\/a><a href=\"http:\/\/www.sindsaudeba.org.br\/novo\/wp-content\/uploads\/2017\/10\/DSC_0436.jpg\"><img loading=\"lazy\" class=\"alignleft size-medium wp-image-8986\" src=\"http:\/\/www.sindsaudeba.org.br\/novo\/wp-content\/uploads\/2017\/10\/DSC_0436-300x200.jpg\" alt=\"DSC_0436\" width=\"300\" height=\"200\" \/><\/a><br \/>\n&nbsp;<br \/>\n&nbsp;<br \/>\n&nbsp;<br \/>\n<a href=\"http:\/\/www.sindsaudeba.org.br\/novo\/wp-content\/uploads\/2017\/10\/DSC_0473.jpg\"><img loading=\"lazy\" class=\"alignleft size-medium wp-image-8987\" src=\"http:\/\/www.sindsaudeba.org.br\/novo\/wp-content\/uploads\/2017\/10\/DSC_0473-300x200.jpg\" alt=\"DSC_0473\" width=\"300\" height=\"200\" \/><\/a><br \/>\n<a href=\"http:\/\/www.sindsaudeba.org.br\/novo\/wp-content\/uploads\/2017\/10\/43eeb6f7-9248-41cd-8b0c-147c4aeab0b5.jpg\"><img loading=\"lazy\" class=\"alignleft size-medium wp-image-9006\" src=\"http:\/\/www.sindsaudeba.org.br\/novo\/wp-content\/uploads\/2017\/10\/43eeb6f7-9248-41cd-8b0c-147c4aeab0b5-300x169.jpg\" alt=\"43eeb6f7-9248-41cd-8b0c-147c4aeab0b5\" width=\"300\" height=\"169\" \/><\/a><br \/>\n&nbsp;<br \/>\n&nbsp;<br \/>\n&nbsp;<br \/>\n&nbsp;<br \/>\n&nbsp;<br \/>\n&nbsp;<br \/>\n&nbsp;<br \/>\n&nbsp;<br \/>\n&nbsp;<br \/>\n<a href=\"http:\/\/www.sindsaudeba.org.br\/novo\/wp-content\/uploads\/2017\/10\/DSC_0462.jpg\"><img loading=\"lazy\" class=\"alignleft size-medium wp-image-8988\" src=\"http:\/\/www.sindsaudeba.org.br\/novo\/wp-content\/uploads\/2017\/10\/DSC_0462-300x200.jpg\" alt=\"DSC_0462\" width=\"300\" height=\"200\" \/><\/a><a href=\"http:\/\/www.sindsaudeba.org.br\/novo\/wp-content\/uploads\/2017\/10\/DSC_0477.jpg\"><img loading=\"lazy\" class=\"alignleft size-medium wp-image-8989\" src=\"http:\/\/www.sindsaudeba.org.br\/novo\/wp-content\/uploads\/2017\/10\/DSC_0477-300x200.jpg\" alt=\"DSC_0477\" width=\"300\" height=\"200\" \/><\/a><br \/>\n&nbsp;<br \/>\n&nbsp;<br \/>\n&nbsp;<br \/>\n&nbsp;<br \/>\n&nbsp;<br \/>\n&nbsp;<br \/>\n&nbsp;<br \/>\n&nbsp;<br \/>\n<a href=\"http:\/\/www.sindsaudeba.org.br\/novo\/wp-content\/uploads\/2017\/10\/DSC_0481.jpg\"><img loading=\"lazy\" class=\"alignleft size-medium wp-image-8990\" src=\"http:\/\/www.sindsaudeba.org.br\/novo\/wp-content\/uploads\/2017\/10\/DSC_0481-300x200.jpg\" alt=\"DSC_0481\" width=\"300\" height=\"200\" \/><\/a><br \/>\n&nbsp;<br \/>\n&nbsp;<br \/>\n&nbsp;<br \/>\n&nbsp;<br \/>\n<a href=\"http:\/\/www.sindsaudeba.org.br\/novo\/wp-content\/uploads\/2017\/10\/DSC_0447.jpg\"><img loading=\"lazy\" class=\"alignleft size-medium wp-image-8991\" src=\"http:\/\/www.sindsaudeba.org.br\/novo\/wp-content\/uploads\/2017\/10\/DSC_0447-300x200.jpg\" alt=\"DSC_0447\" width=\"300\" height=\"200\" \/><\/a><br \/>\n&nbsp;<br \/>\n&nbsp;<br \/>\n&nbsp;<br \/>\n<a href=\"http:\/\/www.sindsaudeba.org.br\/novo\/wp-content\/uploads\/2017\/10\/DSC_0486.jpg\"><img loading=\"lazy\" class=\"alignleft size-medium wp-image-8992\" src=\"http:\/\/www.sindsaudeba.org.br\/novo\/wp-content\/uploads\/2017\/10\/DSC_0486-300x200.jpg\" alt=\"DSC_0486\" width=\"300\" height=\"200\" \/><\/a><br \/>\n&nbsp;<br \/>\n&nbsp;<br \/>\n&nbsp;<br \/>\n&nbsp;<br \/>\n&nbsp;<br \/>\n&nbsp;<br \/>\n&nbsp;<br \/>\nNo final da sess\u00e3o houve confraterniza\u00e7\u00e3o no p\u00e1tio interno do Pa\u00e7o Municipal, animado pelo Nanotrio com o cantor Roberval.<br \/>\n<a href=\"http:\/\/www.sindsaudeba.org.br\/novo\/wp-content\/uploads\/2017\/10\/DSC_0515.jpg\"><img loading=\"lazy\" class=\"alignleft size-medium wp-image-8993\" src=\"http:\/\/www.sindsaudeba.org.br\/novo\/wp-content\/uploads\/2017\/10\/DSC_0515-300x200.jpg\" alt=\"DSC_0515\" width=\"300\" height=\"200\" \/><\/a> <a href=\"http:\/\/www.sindsaudeba.org.br\/novo\/wp-content\/uploads\/2017\/10\/DSC_0518.jpg\"><img loading=\"lazy\" class=\"alignleft size-medium wp-image-8994\" src=\"http:\/\/www.sindsaudeba.org.br\/novo\/wp-content\/uploads\/2017\/10\/DSC_0518-300x200.jpg\" alt=\"DSC_0518\" width=\"300\" height=\"200\" \/><\/a> <a href=\"http:\/\/www.sindsaudeba.org.br\/novo\/wp-content\/uploads\/2017\/10\/DSC_0528.jpg\"><img loading=\"lazy\" class=\"alignleft size-medium wp-image-8995\" src=\"http:\/\/www.sindsaudeba.org.br\/novo\/wp-content\/uploads\/2017\/10\/DSC_0528-300x200.jpg\" alt=\"DSC_0528\" width=\"300\" height=\"200\" \/><\/a><\/p>\n","protected":false},"excerpt":{"rendered":"<p>\u00a0 \u00a0Homenagem foi presidida pela vereadora Aladilce Souza, fundadora e diretora da entidade &nbsp; A pol\u00edtica de desmonte do SUS, promovida pelo governo federal, e a falta de reajustes salariais tanto em n\u00edvel estadual quanto municipal, foram apontadas pela vereadora Aladilce Souza (PCdoB) como algumas&#8230;<\/p>\n","protected":false},"author":2,"featured_media":8978,"comment_status":"closed","ping_status":"open","sticky":false,"template":"","format":"standard","meta":[],"categories":[11],"tags":[],"amp_validity":null,"amp_enabled":true,"_links":{"self":[{"href":"https:\/\/sindsaudeba.org.br\/portal\/wp-json\/wp\/v2\/posts\/8977"}],"collection":[{"href":"https:\/\/sindsaudeba.org.br\/portal\/wp-json\/wp\/v2\/posts"}],"about":[{"href":"https:\/\/sindsaudeba.org.br\/portal\/wp-json\/wp\/v2\/types\/post"}],"author":[{"embeddable":true,"href":"https:\/\/sindsaudeba.org.br\/portal\/wp-json\/wp\/v2\/users\/2"}],"replies":[{"embeddable":true,"href":"https:\/\/sindsaudeba.org.br\/portal\/wp-json\/wp\/v2\/comments?post=8977"}],"version-history":[{"count":1,"href":"https:\/\/sindsaudeba.org.br\/portal\/wp-json\/wp\/v2\/posts\/8977\/revisions"}],"predecessor-version":[{"id":13552,"href":"https:\/\/sindsaudeba.org.br\/portal\/wp-json\/wp\/v2\/posts\/8977\/revisions\/13552"}],"wp:featuredmedia":[{"embeddable":true,"href":"https:\/\/sindsaudeba.org.br\/portal\/wp-json\/wp\/v2\/media\/8978"}],"wp:attachment":[{"href":"https:\/\/sindsaudeba.org.br\/portal\/wp-json\/wp\/v2\/media?parent=8977"}],"wp:term":[{"taxonomy":"category","embeddable":true,"href":"https:\/\/sindsaudeba.org.br\/portal\/wp-json\/wp\/v2\/categories?post=8977"},{"taxonomy":"post_tag","embeddable":true,"href":"https:\/\/sindsaudeba.org.br\/portal\/wp-json\/wp\/v2\/tags?post=8977"}],"curies":[{"name":"wp","href":"https:\/\/api.w.org\/{rel}","templated":true}]}}