{"id":8974,"date":"2017-10-27T23:53:17","date_gmt":"2017-10-28T02:53:17","guid":{"rendered":"http:\/\/www.sindsaudeba.org.br\/novo\/?p=8974"},"modified":"2019-12-13T17:44:23","modified_gmt":"2019-12-13T20:44:23","slug":"justica-defere-liminar-contra-fechamento-de-hospitais-psiquiatricos","status":"publish","type":"post","link":"https:\/\/sindsaudeba.org.br\/portal\/blog\/justica-defere-liminar-contra-fechamento-de-hospitais-psiquiatricos\/","title":{"rendered":"Justi\u00e7a defere liminar contra fechamento de hospitais psiqui\u00e1tricos"},"content":{"rendered":"<p>&nbsp;<br \/>\n<a href=\"http:\/\/www.sindsaudeba.org.br\/novo\/wp-content\/uploads\/2017\/10\/csm_25102017_hospital_psiquiatrico_juliano_moreira_salvador_foto_mauro_akin_nassor_correio_c8ce11a1ef.jpg\"><img loading=\"lazy\" class=\"alignleft size-medium wp-image-8975\" src=\"http:\/\/www.sindsaudeba.org.br\/novo\/wp-content\/uploads\/2017\/10\/csm_25102017_hospital_psiquiatrico_juliano_moreira_salvador_foto_mauro_akin_nassor_correio_c8ce11a1ef-300x187.jpg\" alt=\"csm_25102017_hospital_psiquiatrico_juliano_moreira_salvador_foto_mauro_akin_nassor_correio_c8ce11a1ef\" width=\"300\" height=\"187\" \/><\/a><br \/>\n&nbsp;<br \/>\nA Justi\u00e7a Federal deferiu, no \u00faltimo dia 24, liminar do Minist\u00e9rio P\u00fablico Federal, Estadual e Defensoria P\u00fablica garantindo o funcionamento dos sete hospitais psiqui\u00e1tricos da rede estadual. A decis\u00e3o judicial determina tamb\u00e9m que sejam suspensos todos os procedimentos de reformula\u00e7\u00e3o do atendimento m\u00e9dico psiqui\u00e1trico, garantindo o repasse de verbas necess\u00e1rio \u00e0 presta\u00e7\u00e3o de um servi\u00e7o de qualidade aos internos, o que inclui a manuten\u00e7\u00e3o do n\u00famero de leitos (893, sendo 308 em Salvador) e a emerg\u00eancia, tanto em casos de transtornos mentais quanto os relacionados ao uso de \u00e1lcool e drogas.<br \/>\nA rede estadual de assist\u00eancia psiqui\u00e1trica \u00e9 formada pelos hospitais M\u00e1rio Leal, Juliano Moreira e Sanat\u00f3rio S\u00e3o Paulo, em Salvador; Lopes Rodrigues, em Feira de Santana; Casa de Sa\u00fade S\u00e3o Judas Tadeu, em Itabuna; Sanat\u00f3rio Nossa Senhora de F\u00e1tima, em Juazeiro; e Hospital Afr\u00e2nio Peixoto, em Vit\u00f3ria da Conquista.<br \/>\nNa a\u00e7\u00e3o impetrada pelo MPF, MPE e DPU, as entidades observam que esses hospitais t\u00eam sofrido um processo cont\u00ednuo de sucateamento, a ponto de ter tido indica\u00e7\u00e3o para descredenciamento pelo Minist\u00e9rio da Sa\u00fade. A Justi\u00e7a Federal deu, ainda, um prazo de 60 dias ao Governo do Estado para que apresente um plano de gest\u00e3o para as Redes de Aten\u00e7\u00e3o Psicossocial (Raps).<br \/>\nO Sindsa\u00fade vem acompanhando todo o processo de desinstitucionaliza\u00e7\u00e3o dos hospitais psiqui\u00e1tricos, tendi participado de semin\u00e1rios e reuni\u00f5es em Feira de Santana, Vit\u00f3ria da Conquista e no Hospital M\u00e1rio Leal. A diretoria da entidade defende que seja garantida a constru\u00e7\u00e3o da rede de Aten\u00e7\u00e3o Psicossocial, entendendo que as mudan\u00e7as t\u00eam que ser feitas sem a desassist\u00eancia e sem perdas de direitos pelos trabalhadores.<\/p>\n","protected":false},"excerpt":{"rendered":"<p>&nbsp; &nbsp; A Justi\u00e7a Federal deferiu, no \u00faltimo dia 24, liminar do Minist\u00e9rio P\u00fablico Federal, Estadual e Defensoria P\u00fablica garantindo o funcionamento dos sete hospitais psiqui\u00e1tricos da rede estadual. A decis\u00e3o judicial determina tamb\u00e9m que sejam suspensos todos os procedimentos de reformula\u00e7\u00e3o do atendimento m\u00e9dico&#8230;<\/p>\n","protected":false},"author":2,"featured_media":8975,"comment_status":"closed","ping_status":"open","sticky":false,"template":"","format":"standard","meta":[],"categories":[9],"tags":[],"amp_validity":null,"amp_enabled":true,"_links":{"self":[{"href":"https:\/\/sindsaudeba.org.br\/portal\/wp-json\/wp\/v2\/posts\/8974"}],"collection":[{"href":"https:\/\/sindsaudeba.org.br\/portal\/wp-json\/wp\/v2\/posts"}],"about":[{"href":"https:\/\/sindsaudeba.org.br\/portal\/wp-json\/wp\/v2\/types\/post"}],"author":[{"embeddable":true,"href":"https:\/\/sindsaudeba.org.br\/portal\/wp-json\/wp\/v2\/users\/2"}],"replies":[{"embeddable":true,"href":"https:\/\/sindsaudeba.org.br\/portal\/wp-json\/wp\/v2\/comments?post=8974"}],"version-history":[{"count":1,"href":"https:\/\/sindsaudeba.org.br\/portal\/wp-json\/wp\/v2\/posts\/8974\/revisions"}],"predecessor-version":[{"id":13553,"href":"https:\/\/sindsaudeba.org.br\/portal\/wp-json\/wp\/v2\/posts\/8974\/revisions\/13553"}],"wp:featuredmedia":[{"embeddable":true,"href":"https:\/\/sindsaudeba.org.br\/portal\/wp-json\/wp\/v2\/media\/8975"}],"wp:attachment":[{"href":"https:\/\/sindsaudeba.org.br\/portal\/wp-json\/wp\/v2\/media?parent=8974"}],"wp:term":[{"taxonomy":"category","embeddable":true,"href":"https:\/\/sindsaudeba.org.br\/portal\/wp-json\/wp\/v2\/categories?post=8974"},{"taxonomy":"post_tag","embeddable":true,"href":"https:\/\/sindsaudeba.org.br\/portal\/wp-json\/wp\/v2\/tags?post=8974"}],"curies":[{"name":"wp","href":"https:\/\/api.w.org\/{rel}","templated":true}]}}