{"id":8966,"date":"2017-10-27T10:52:58","date_gmt":"2017-10-27T13:52:58","guid":{"rendered":"http:\/\/www.sindsaudeba.org.br\/novo\/?p=8966"},"modified":"2019-12-13T17:44:23","modified_gmt":"2019-12-13T20:44:23","slug":"mensagem-do-presidente-do-sindsaude-ba-pelo-dia-do-servidor","status":"publish","type":"post","link":"https:\/\/sindsaudeba.org.br\/portal\/blog\/mensagem-do-presidente-do-sindsaude-ba-pelo-dia-do-servidor\/","title":{"rendered":"Mensagem do presidente do Sindsa\u00fade-Ba pelo Dia do Servidor"},"content":{"rendered":"<p><a href=\"http:\/\/www.sindsaudeba.org.br\/novo\/wp-content\/uploads\/2017\/10\/Banner-dia-do-servidor.jpg\"><img loading=\"lazy\" class=\"alignleft size-medium wp-image-8967\" src=\"http:\/\/www.sindsaudeba.org.br\/novo\/wp-content\/uploads\/2017\/10\/Banner-dia-do-servidor-300x185.jpg\" alt=\"Banner dia do servidor\" width=\"300\" height=\"185\" \/><\/a><br \/>\n&nbsp;<br \/>\n&nbsp;<br \/>\n&nbsp;<br \/>\n&nbsp;<br \/>\n&nbsp;<br \/>\nA a\u00e7\u00e3o de servir \u00e0 comunidade constitui-se na miss\u00e3o primordial do servi\u00e7o p\u00fablico e essa miss\u00e3o \u00e9 a raz\u00e3o da exist\u00eancia da administra\u00e7\u00e3o governamental. Os(as) trabalhadores(as) do servi\u00e7o p\u00fablico, em especial os(as) da Sa\u00fade, desempenham essa tarefa com dedica\u00e7\u00e3o e virtuosidade, mesmo agora quando\u00a0<strong>estamos experimentando um dos piores momento de retrocesso e desordem pol\u00edtica<\/strong>, com a desenfreada desvaloriza\u00e7\u00e3o dos(as) servidores(as), bem como o descaso com as condi\u00e7\u00f5es de trabalho nas tr\u00eas esferas de poder.<br \/>\n&nbsp;<br \/>\nO\u00a0<strong>SINDSA\u00daDE-BA<\/strong>\u00a0n\u00e3o poderia deixar, portanto, de parabenizar os(as) trabalhadores(as) do servi\u00e7o p\u00fablico pela passagem de seu dia, como tamb\u00e9m protestar pela situa\u00e7\u00e3o em que nos encontramos. S\u00e3o\u00a0<strong>dois anos sem reajustes<\/strong>, acumulando perdas salariais e de direitos, o que deixa uma grande parcela do funcionalismo estadual com o sal\u00e1rio abaixo do m\u00ednimo e com o seu poder aquisitivo significativamente reduzido.<br \/>\n&nbsp;<br \/>\n<strong>Na Sa\u00fade a situa\u00e7\u00e3o \u00e9 ainda mais grave<\/strong>, gra\u00e7as a determinadas medidas adotadas pelo Governo do Estado, como o corte da insalubridade em 2015; a suspens\u00e3o da consigna\u00e7\u00e3o a partir do m\u00eas de maio de 2017, de forma arbitr\u00e1ria; e o descumprimento do acordo quanto ao pagamento da progress\u00e3o devida, retroativa a 2014.<br \/>\n&nbsp;<br \/>\nO governador Rui Costa e o secret\u00e1rio da Sa\u00fade, F\u00e1bio Vilas-Boas, t\u00eam se notabilizado pela intransig\u00eancia e falta de di\u00e1logo com as entidades representativas dos(as) trabalhadores(as). Apesar das diversas tentativas, ambos v\u00eam ignorando os apelos da entidade.<br \/>\n&nbsp;<br \/>\nNo Dia do Servidor P\u00fablico o\u00a0<strong>SINDSA\u00daDE-BA<\/strong>\u00a0sa\u00fada toda a categoria, especialmente os(as) trabalhadores(as) da Sa\u00fade, que enfrentam com garra e dignidade a luta contra a perda de direitos trabalhistas e o enfraquecimento e sucateamento do SUS.\u00a0 Sabemos que n\u00e3o \u00e9 f\u00e1cil encarar essa pol\u00edtica perversa, que torna cada vez mais distante o sonho da sa\u00fade p\u00fablica de qualidade e universal. Mas n\u00e3o podemos esmorecer diante das adversidades. Pelo contr\u00e1rio,\u00a0<strong>temos que encontrar na uni\u00e3o a for\u00e7a para resistir e avan\u00e7ar<\/strong>.<br \/>\n<strong>\u00a0<\/strong><br \/>\n<strong>Parab\u00e9ns servidor!<\/strong>\u00a0Por continuar acreditando que \u00e9 poss\u00edvel um mundo mais justo e igual para todos, onde n\u00e3o impere a desigualdade e a intoler\u00e2ncia. E que nosso papel \u00e9 fundamental nesse processo.\u00a0<strong>S\u00f3 unidos e fortalecidos conseguiremos transformar essa realidade<\/strong>.<\/p>\n","protected":false},"excerpt":{"rendered":"<p>&nbsp; &nbsp; &nbsp; &nbsp; &nbsp; A a\u00e7\u00e3o de servir \u00e0 comunidade constitui-se na miss\u00e3o primordial do servi\u00e7o p\u00fablico e essa miss\u00e3o \u00e9 a raz\u00e3o da exist\u00eancia da administra\u00e7\u00e3o governamental. Os(as) trabalhadores(as) do servi\u00e7o p\u00fablico, em especial os(as) da Sa\u00fade, desempenham essa tarefa com dedica\u00e7\u00e3o e&#8230;<\/p>\n","protected":false},"author":2,"featured_media":8967,"comment_status":"closed","ping_status":"open","sticky":false,"template":"","format":"standard","meta":[],"categories":[9],"tags":[],"amp_validity":null,"amp_enabled":true,"_links":{"self":[{"href":"https:\/\/sindsaudeba.org.br\/portal\/wp-json\/wp\/v2\/posts\/8966"}],"collection":[{"href":"https:\/\/sindsaudeba.org.br\/portal\/wp-json\/wp\/v2\/posts"}],"about":[{"href":"https:\/\/sindsaudeba.org.br\/portal\/wp-json\/wp\/v2\/types\/post"}],"author":[{"embeddable":true,"href":"https:\/\/sindsaudeba.org.br\/portal\/wp-json\/wp\/v2\/users\/2"}],"replies":[{"embeddable":true,"href":"https:\/\/sindsaudeba.org.br\/portal\/wp-json\/wp\/v2\/comments?post=8966"}],"version-history":[{"count":1,"href":"https:\/\/sindsaudeba.org.br\/portal\/wp-json\/wp\/v2\/posts\/8966\/revisions"}],"predecessor-version":[{"id":13555,"href":"https:\/\/sindsaudeba.org.br\/portal\/wp-json\/wp\/v2\/posts\/8966\/revisions\/13555"}],"wp:featuredmedia":[{"embeddable":true,"href":"https:\/\/sindsaudeba.org.br\/portal\/wp-json\/wp\/v2\/media\/8967"}],"wp:attachment":[{"href":"https:\/\/sindsaudeba.org.br\/portal\/wp-json\/wp\/v2\/media?parent=8966"}],"wp:term":[{"taxonomy":"category","embeddable":true,"href":"https:\/\/sindsaudeba.org.br\/portal\/wp-json\/wp\/v2\/categories?post=8966"},{"taxonomy":"post_tag","embeddable":true,"href":"https:\/\/sindsaudeba.org.br\/portal\/wp-json\/wp\/v2\/tags?post=8966"}],"curies":[{"name":"wp","href":"https:\/\/api.w.org\/{rel}","templated":true}]}}