{"id":8963,"date":"2017-10-25T23:37:01","date_gmt":"2017-10-26T02:37:01","guid":{"rendered":"http:\/\/www.sindsaudeba.org.br\/novo\/?p=8963"},"modified":"2019-12-13T17:44:23","modified_gmt":"2019-12-13T20:44:23","slug":"sessao-especial-homenageia-os-28-anos-do-sindsaude-ba","status":"publish","type":"post","link":"https:\/\/sindsaudeba.org.br\/portal\/blog\/sessao-especial-homenageia-os-28-anos-do-sindsaude-ba\/","title":{"rendered":"Sess\u00e3o Especial homenageia os 28 anos do Sindsa\u00fade-BA"},"content":{"rendered":"<p><strong><a href=\"http:\/\/www.sindsaudeba.org.br\/novo\/wp-content\/uploads\/2017\/10\/CARD-SESS\u00c3O-SINDSAUDE-2017_2-1.png\"><img loading=\"lazy\" class=\"alignleft size-medium wp-image-8964\" src=\"http:\/\/www.sindsaudeba.org.br\/novo\/wp-content\/uploads\/2017\/10\/CARD-SESS\u00c3O-SINDSAUDE-2017_2-1-300x300.png\" alt=\"CARD-SESS\u00c3O-SINDSAUDE-2017_2 (1)\" width=\"300\" height=\"300\" \/><\/a><\/strong><br \/>\n&nbsp;<br \/>\n<em>Evento ser\u00e1 nesta sexta-feira (27), 16h, na C\u00e2mara Municipal<\/em><br \/>\n&nbsp;<br \/>\nO Sindicato dos Trabalhadores em Sa\u00fade do Estado da Bahia (Sindsa\u00fade-BA) completa neste m\u00eas 28 anos de lutas em defesa da categoria e do fortalecimento do SUS. Como reconhecimento, a vereadora e enfermeira Aladilce Souza (PCdoB) realizar\u00e1 sess\u00e3o especial para celebrar a data. O evento ser\u00e1 nesta sexta-feira (27), \u00e0s 16h, na C\u00e2mara Municipal de Salvador.<br \/>\n&nbsp;<br \/>\nFundado ap\u00f3s assembleia com mais de 3 mil trabalhadores, o Sindsa\u00fade-BA representa diversos profissionais da \u00e1rea da Sa\u00fade no estado. Ao longo desses anos, o sindicato tem contribu\u00eddo com as lutas em prol de melhoria das condi\u00e7\u00f5es de trabalho dos servidores, implanta\u00e7\u00e3o do Plano de Cargos, fortalecimento do SUS e contra a terceiriza\u00e7\u00e3o dos servi\u00e7os p\u00fablicos.<br \/>\n&nbsp;<br \/>\nDe acordo com a vereadora Aladilce, que \u00e9 fundadora e diretora da entidade, a sess\u00e3o especial tem o objetivo de homenagear o sindicato pelo seu anivers\u00e1rio e aproveitar o momento para discutir algumas pautas relevantes para a categoria, diante do atual cen\u00e1rio pol\u00edtico. \u201cVivemos um per\u00edodo doloroso para a \u00e1rea da Sa\u00fade. H\u00e1 um desmonte do SUS promovido por Temer e seus aliados, a exemplo de ACM Neto que, em Salvador, vem precarizando os servi\u00e7os. Al\u00e9m disso, tanto no munic\u00edpio quanto no Estado os servidores est\u00e3o sofrendo com a falta de reajuste\u201d, afirmou.<br \/>\n&nbsp;<br \/>\nAladilce destaca que, al\u00e9m do debate, o evento ser\u00e1 tamb\u00e9m uma oportunidade para confraterniza\u00e7\u00e3o e reconhecimento dos profissionais da Sa\u00fade que constroem o sindicato. Participar\u00e3o do evento diretores da entidade, trabalhadores da categoria e representantes do poder p\u00fablico. A sess\u00e3o \u00e9 aberta ao p\u00fablico.<\/p>\n","protected":false},"excerpt":{"rendered":"<p>&nbsp; Evento ser\u00e1 nesta sexta-feira (27), 16h, na C\u00e2mara Municipal &nbsp; O Sindicato dos Trabalhadores em Sa\u00fade do Estado da Bahia (Sindsa\u00fade-BA) completa neste m\u00eas 28 anos de lutas em defesa da categoria e do fortalecimento do SUS. Como reconhecimento, a vereadora e enfermeira Aladilce&#8230;<\/p>\n","protected":false},"author":2,"featured_media":8964,"comment_status":"closed","ping_status":"open","sticky":false,"template":"","format":"standard","meta":[],"categories":[11],"tags":[],"amp_validity":null,"amp_enabled":true,"_links":{"self":[{"href":"https:\/\/sindsaudeba.org.br\/portal\/wp-json\/wp\/v2\/posts\/8963"}],"collection":[{"href":"https:\/\/sindsaudeba.org.br\/portal\/wp-json\/wp\/v2\/posts"}],"about":[{"href":"https:\/\/sindsaudeba.org.br\/portal\/wp-json\/wp\/v2\/types\/post"}],"author":[{"embeddable":true,"href":"https:\/\/sindsaudeba.org.br\/portal\/wp-json\/wp\/v2\/users\/2"}],"replies":[{"embeddable":true,"href":"https:\/\/sindsaudeba.org.br\/portal\/wp-json\/wp\/v2\/comments?post=8963"}],"version-history":[{"count":1,"href":"https:\/\/sindsaudeba.org.br\/portal\/wp-json\/wp\/v2\/posts\/8963\/revisions"}],"predecessor-version":[{"id":13556,"href":"https:\/\/sindsaudeba.org.br\/portal\/wp-json\/wp\/v2\/posts\/8963\/revisions\/13556"}],"wp:featuredmedia":[{"embeddable":true,"href":"https:\/\/sindsaudeba.org.br\/portal\/wp-json\/wp\/v2\/media\/8964"}],"wp:attachment":[{"href":"https:\/\/sindsaudeba.org.br\/portal\/wp-json\/wp\/v2\/media?parent=8963"}],"wp:term":[{"taxonomy":"category","embeddable":true,"href":"https:\/\/sindsaudeba.org.br\/portal\/wp-json\/wp\/v2\/categories?post=8963"},{"taxonomy":"post_tag","embeddable":true,"href":"https:\/\/sindsaudeba.org.br\/portal\/wp-json\/wp\/v2\/tags?post=8963"}],"curies":[{"name":"wp","href":"https:\/\/api.w.org\/{rel}","templated":true}]}}