{"id":8947,"date":"2017-10-23T23:32:53","date_gmt":"2017-10-24T02:32:53","guid":{"rendered":"http:\/\/www.sindsaudeba.org.br\/novo\/?p=8947"},"modified":"2019-12-13T17:44:23","modified_gmt":"2019-12-13T20:44:23","slug":"profissionais-de-enfermagem-mantem-luta-contra-acao-do-cfm","status":"publish","type":"post","link":"https:\/\/sindsaudeba.org.br\/portal\/blog\/profissionais-de-enfermagem-mantem-luta-contra-acao-do-cfm\/","title":{"rendered":"Profissionais de enfermagem mant\u00eam luta contra a\u00e7\u00e3o do CFM"},"content":{"rendered":"<p>&nbsp;<br \/>\n<em>Decis\u00e3o foi tomada em audi\u00eancia p\u00fablica da C\u00e2mara em parceria com Sindsa\u00fade, Seeb e Coren-Ba<\/em><br \/>\n<a href=\"http:\/\/www.sindsaudeba.org.br\/novo\/wp-content\/uploads\/2017\/10\/Audi\u00eancia-na-reitoria-ufba-23-10-17.jpg\"><img loading=\"lazy\" class=\"alignleft size-medium wp-image-8948\" src=\"http:\/\/www.sindsaudeba.org.br\/novo\/wp-content\/uploads\/2017\/10\/Audi\u00eancia-na-reitoria-ufba-23-10-17-300x169.jpg\" alt=\"Audi\u00eancia na reitoria ufba - 23-10-17\" width=\"300\" height=\"169\" \/><\/a><br \/>\nO compromisso dos profissionais de enfermagem em defesa do SUS foi reafirmado na audi\u00eancia p\u00fablica da Comiss\u00e3o de Sa\u00fade da C\u00e2mara de Salvador, realizada na manh\u00e3 desta segunda-feira (23) em parceria com o Sindsa\u00fade-Ba, Coren-Ba, Sindicato dos Enfermeiros (SEEB) e Associa\u00e7\u00e3o Brasileira de Enfermagem. Durante o evento, que reuniu mais de 400 pessoas na Reitoria da UFBA, foi discutido o processo movido pelo Conselho Federal de Medicina para suspender parcialmente a Pol\u00edtica Nacional de Aten\u00e7\u00e3o B\u00e1sica do SUS, alterando as atribui\u00e7\u00f5es dos servi\u00e7os de enfermagem na Aten\u00e7\u00e3o Prim\u00e1ria \u00e0 Sa\u00fade.<br \/>\nO debate foi dirigido pela vereadora Aladilce Souza, integrante da Comiss\u00e3o de Sa\u00fade, diretora do Sindsa\u00fade e enfermeira por forma\u00e7\u00e3o. Ela deixou claro que a mudan\u00e7a pretendida pelo CFM, limitando o papel dos profissionais da enfermagem na requisi\u00e7\u00e3o de exames e prescri\u00e7\u00e3o de alguns medicamentos, faz parte da pol\u00edtica de desmonte do SUS: \u201cEssa medida \u00e9 irrespons\u00e1vel e vai sobrecarregar ainda mais o sistema, deixando milhares de pessoas sem atendimento na aten\u00e7\u00e3o b\u00e1sica\u201d.<br \/>\n<a href=\"http:\/\/www.sindsaudeba.org.br\/novo\/wp-content\/uploads\/2017\/10\/Audi\u00eancia-P\u00fablica_Enfermagem-5-1.jpg\"><img loading=\"lazy\" class=\"alignleft size-medium wp-image-8955\" src=\"http:\/\/www.sindsaudeba.org.br\/novo\/wp-content\/uploads\/2017\/10\/Audi\u00eancia-P\u00fablica_Enfermagem-5-1-300x200.jpg\" alt=\"Audi\u00eancia P\u00fablica_Enfermagem (5) (1)\" width=\"300\" height=\"200\" \/><\/a><br \/>\nApesar da liminar dada pela Justi\u00e7a \u00e0 a\u00e7\u00e3o do CFM ter sido derrubada, os participantes da audi\u00eancia p\u00fablica decidiram manter a mobiliza\u00e7\u00e3o j\u00e1 que o processo continua em tramita\u00e7\u00e3o. Para S\u00edlvio Roberto dos Anjos e Silva, presidente do Sindsa\u00fade, defender as prerrogativas da enfermagem \u00e9 proteger a popula\u00e7\u00e3o que depende do SUS. H\u00e1 mais de 20 anos, segundo ele, esses profissionais t\u00eam o direito de solicitar exames, seguindo as orienta\u00e7\u00f5es protocolares emitidas pelo Minist\u00e9rio da Sa\u00fade.<br \/>\nEntre as atribui\u00e7\u00f5es dos enfermeiros est\u00e1, por exemplo, a solicita\u00e7\u00e3o de exames para identifica\u00e7\u00e3o de s\u00edfilis, tuberculose, hansen\u00edase, dentre outras doen\u00e7as graves. No caso da s\u00edfilis, que registrou um aumento de ocorr\u00eancia da ordem de 800% nos \u00faltimos meses, como foi informado no debate, a redu\u00e7\u00e3o do efetivo de profissionais no atendimento eleva o risco de deixar a popula\u00e7\u00e3o ainda mais vulner\u00e1vel a outras doen\u00e7as associadas.<br \/>\n<a href=\"http:\/\/www.sindsaudeba.org.br\/novo\/wp-content\/uploads\/2017\/10\/1371a21a-7457-4a2e-9233-a5906c47a2b8.jpg\"><img loading=\"lazy\" class=\"alignleft size-medium wp-image-8952\" src=\"http:\/\/www.sindsaudeba.org.br\/novo\/wp-content\/uploads\/2017\/10\/1371a21a-7457-4a2e-9233-a5906c47a2b8-300x200.jpg\" alt=\"1371a21a-7457-4a2e-9233-a5906c47a2b8\" width=\"300\" height=\"200\" \/><\/a><br \/>\nO Sindsa\u00fade-Ba foi representado no evento tamb\u00e9m pela vice-presidente Tereza Deir\u00f3 e pela diretora Ivanilda Brito. A mesa da audi\u00eancia foi composta por Ricardo Queir\u00f3s, do Cofen; Lu\u00edza Castro, do Coren; T\u00e2nia Bulc\u00e3o, da ABRN-Ba; L\u00facia Duque, do SEEB; o promotor do MPE Rog\u00e9rio Queiroz e a estudante Helen.<br \/>\nAp\u00f3s os debates, foi realizado um ato p\u00fablico em frente \u00e0 Reitoria da UFBA, com pronunciamentos em defesa da autonomia da enfermagem, segmento indispens\u00e1vel para a Aten\u00e7\u00e3o B\u00e1sica. Por diversas vezes os manifestantes gritaram palavras de ordem como \u201cFora Temer\u201d e contra as reformas trabalhista e da Previd\u00eancia.<br \/>\n&nbsp;<br \/>\n<strong>Novo debate<\/strong> \u2013 Em continuidade \u00e0 discuss\u00e3o sobre o papel dos profissionais de sa\u00fade em defesa do SUS, a vereadora Aladilce Souza anunciou a realiza\u00e7\u00e3o de outra audi\u00eancia p\u00fablica, dia 31 de outubro, \u00e0s 9h, no Centro de Cultura da C\u00e2mara Municipal.<br \/>\n<a href=\"http:\/\/www.sindsaudeba.org.br\/novo\/wp-content\/uploads\/2017\/10\/346f2ec4-4666-4140-988e-644e38e9803e.jpg\"><img loading=\"lazy\" class=\"alignleft size-medium wp-image-8953\" src=\"http:\/\/www.sindsaudeba.org.br\/novo\/wp-content\/uploads\/2017\/10\/346f2ec4-4666-4140-988e-644e38e9803e-300x169.jpg\" alt=\"346f2ec4-4666-4140-988e-644e38e9803e\" width=\"300\" height=\"169\" \/><\/a><br \/>\n<a href=\"http:\/\/www.sindsaudeba.org.br\/novo\/wp-content\/uploads\/2017\/10\/Audi\u00eancia-P\u00fablica_Enfermagem-3.jpg\"><img loading=\"lazy\" class=\"alignleft size-medium wp-image-8956\" src=\"http:\/\/www.sindsaudeba.org.br\/novo\/wp-content\/uploads\/2017\/10\/Audi\u00eancia-P\u00fablica_Enfermagem-3-300x200.jpg\" alt=\"Audi\u00eancia P\u00fablica_Enfermagem (3)\" width=\"300\" height=\"200\" \/><\/a><\/p>\n","protected":false},"excerpt":{"rendered":"<p>&nbsp; Decis\u00e3o foi tomada em audi\u00eancia p\u00fablica da C\u00e2mara em parceria com Sindsa\u00fade, Seeb e Coren-Ba O compromisso dos profissionais de enfermagem em defesa do SUS foi reafirmado na audi\u00eancia p\u00fablica da Comiss\u00e3o de Sa\u00fade da C\u00e2mara de Salvador, realizada na manh\u00e3 desta segunda-feira (23)&#8230;<\/p>\n","protected":false},"author":2,"featured_media":8948,"comment_status":"closed","ping_status":"open","sticky":false,"template":"","format":"standard","meta":[],"categories":[11],"tags":[],"amp_validity":null,"amp_enabled":true,"_links":{"self":[{"href":"https:\/\/sindsaudeba.org.br\/portal\/wp-json\/wp\/v2\/posts\/8947"}],"collection":[{"href":"https:\/\/sindsaudeba.org.br\/portal\/wp-json\/wp\/v2\/posts"}],"about":[{"href":"https:\/\/sindsaudeba.org.br\/portal\/wp-json\/wp\/v2\/types\/post"}],"author":[{"embeddable":true,"href":"https:\/\/sindsaudeba.org.br\/portal\/wp-json\/wp\/v2\/users\/2"}],"replies":[{"embeddable":true,"href":"https:\/\/sindsaudeba.org.br\/portal\/wp-json\/wp\/v2\/comments?post=8947"}],"version-history":[{"count":1,"href":"https:\/\/sindsaudeba.org.br\/portal\/wp-json\/wp\/v2\/posts\/8947\/revisions"}],"predecessor-version":[{"id":13558,"href":"https:\/\/sindsaudeba.org.br\/portal\/wp-json\/wp\/v2\/posts\/8947\/revisions\/13558"}],"wp:featuredmedia":[{"embeddable":true,"href":"https:\/\/sindsaudeba.org.br\/portal\/wp-json\/wp\/v2\/media\/8948"}],"wp:attachment":[{"href":"https:\/\/sindsaudeba.org.br\/portal\/wp-json\/wp\/v2\/media?parent=8947"}],"wp:term":[{"taxonomy":"category","embeddable":true,"href":"https:\/\/sindsaudeba.org.br\/portal\/wp-json\/wp\/v2\/categories?post=8947"},{"taxonomy":"post_tag","embeddable":true,"href":"https:\/\/sindsaudeba.org.br\/portal\/wp-json\/wp\/v2\/tags?post=8947"}],"curies":[{"name":"wp","href":"https:\/\/api.w.org\/{rel}","templated":true}]}}