{"id":894,"date":"2013-03-12T11:33:25","date_gmt":"2013-03-12T14:33:25","guid":{"rendered":"http:\/\/www.sindsaudeba.org.br\/novo\/?p=894"},"modified":"2019-12-13T18:00:29","modified_gmt":"2019-12-13T21:00:29","slug":"sindsaude-e-trabalhadores-discutem-terceirizacao-do-hgca-com-secretario-jorge-solla-em-audiencia-nesta-quarta","status":"publish","type":"post","link":"https:\/\/sindsaudeba.org.br\/portal\/blog\/sindsaude-e-trabalhadores-discutem-terceirizacao-do-hgca-com-secretario-jorge-solla-em-audiencia-nesta-quarta\/","title":{"rendered":"Sindsa\u00fade e trabalhadores discutem terceiriza\u00e7\u00e3o do HGCA com secret\u00e1rio Jorge Solla em audi\u00eancia nesta quarta"},"content":{"rendered":"<p><strong>O Sindicato dos Trabalhadores em Sa\u00fade do Estado da Bahia &#8211; Sindsa\u00fade-Ba convoca os trabalhadores, sociedade civil organizada, usu\u00e1rios e\u00a0a popula\u00e7\u00e3o de Feira de Santana para audi\u00eancia p\u00fablica, na pr\u00f3xima quarta-feira (13), com a presen\u00e7a do secret\u00e1rio da Sa\u00fade Jorge Solla e o presidente da Comiss\u00e3o de Sa\u00fade da Assembleia Legislativa da Bahia, Jos\u00e9 de Arimat\u00e9ia, para discutir a privatiza\u00e7\u00e3o do Hospital Geral Cl\u00e9riston Andrade. <\/strong><strong><strong>A reuni\u00e3o ser\u00e1 realizada na sede da C\u00e2mara de Dirigentes Lojistas (CDL) de Feira de Santana, \u00e0s 9h.\u00a0 <\/strong>O Sindsa\u00fade-Ba e os trabalhadores v\u00e3o reafirmar o posicionamento contr\u00e1rio \u00e0 terceiriza\u00e7\u00e3o da unidade.\u00a0<\/strong><br \/>\n<strong>Participe dessa luta que tamb\u00e9m \u00e9 sua!<\/strong><\/p>\n","protected":false},"excerpt":{"rendered":"<p>O Sindicato dos Trabalhadores em Sa\u00fade do Estado da Bahia &#8211; Sindsa\u00fade-Ba convoca os trabalhadores, sociedade civil organizada, usu\u00e1rios e\u00a0a popula\u00e7\u00e3o de Feira de Santana para audi\u00eancia p\u00fablica, na pr\u00f3xima quarta-feira (13), com a presen\u00e7a do secret\u00e1rio da Sa\u00fade Jorge Solla e o presidente da&#8230;<\/p>\n","protected":false},"author":2,"featured_media":895,"comment_status":"open","ping_status":"open","sticky":false,"template":"","format":"standard","meta":[],"categories":[8],"tags":[],"amp_validity":null,"amp_enabled":true,"_links":{"self":[{"href":"https:\/\/sindsaudeba.org.br\/portal\/wp-json\/wp\/v2\/posts\/894"}],"collection":[{"href":"https:\/\/sindsaudeba.org.br\/portal\/wp-json\/wp\/v2\/posts"}],"about":[{"href":"https:\/\/sindsaudeba.org.br\/portal\/wp-json\/wp\/v2\/types\/post"}],"author":[{"embeddable":true,"href":"https:\/\/sindsaudeba.org.br\/portal\/wp-json\/wp\/v2\/users\/2"}],"replies":[{"embeddable":true,"href":"https:\/\/sindsaudeba.org.br\/portal\/wp-json\/wp\/v2\/comments?post=894"}],"version-history":[{"count":1,"href":"https:\/\/sindsaudeba.org.br\/portal\/wp-json\/wp\/v2\/posts\/894\/revisions"}],"predecessor-version":[{"id":14572,"href":"https:\/\/sindsaudeba.org.br\/portal\/wp-json\/wp\/v2\/posts\/894\/revisions\/14572"}],"wp:featuredmedia":[{"embeddable":true,"href":"https:\/\/sindsaudeba.org.br\/portal\/wp-json\/wp\/v2\/media\/895"}],"wp:attachment":[{"href":"https:\/\/sindsaudeba.org.br\/portal\/wp-json\/wp\/v2\/media?parent=894"}],"wp:term":[{"taxonomy":"category","embeddable":true,"href":"https:\/\/sindsaudeba.org.br\/portal\/wp-json\/wp\/v2\/categories?post=894"},{"taxonomy":"post_tag","embeddable":true,"href":"https:\/\/sindsaudeba.org.br\/portal\/wp-json\/wp\/v2\/tags?post=894"}],"curies":[{"name":"wp","href":"https:\/\/api.w.org\/{rel}","templated":true}]}}