{"id":8897,"date":"2017-10-16T23:27:40","date_gmt":"2017-10-17T02:27:40","guid":{"rendered":"http:\/\/www.sindsaudeba.org.br\/novo\/?p=8897"},"modified":"2019-12-13T17:44:24","modified_gmt":"2019-12-13T20:44:24","slug":"atencao-encerra-nesta-terca-17-o-prazo-para-recurso-sobre-a-progressao","status":"publish","type":"post","link":"https:\/\/sindsaudeba.org.br\/portal\/blog\/atencao-encerra-nesta-terca-17-o-prazo-para-recurso-sobre-a-progressao\/","title":{"rendered":"ATEN\u00c7\u00c3O: Encerra nesta ter\u00e7a (17) o prazo para recurso sobre a progress\u00e3o"},"content":{"rendered":"<p><strong><a href=\"http:\/\/www.sindsaudeba.org.br\/novo\/wp-content\/uploads\/2017\/10\/f26cc842-32cb-44c3-989d-f18555a84f5b.jpg\"><img loading=\"lazy\" class=\"alignleft size-medium wp-image-8898\" src=\"http:\/\/www.sindsaudeba.org.br\/novo\/wp-content\/uploads\/2017\/10\/f26cc842-32cb-44c3-989d-f18555a84f5b-300x169.jpg\" alt=\"f26cc842-32cb-44c3-989d-f18555a84f5b\" width=\"300\" height=\"169\" \/><\/a><\/strong><br \/>\n&nbsp;<br \/>\nA diretoria do Sindsa\u00fade-Ba continua, at\u00e9 esta ter\u00e7a-feira (17), o plant\u00e3o de acompanhamento e orienta\u00e7\u00e3o aos servidores da SESAB que est\u00e3o protocolando recursos individuais para assegurar o direito \u00e0 progress\u00e3o. A a\u00e7\u00e3o, iniciada dia 6 de outubro, visa defender os servidores que foram exclu\u00eddos da lista por insufici\u00eancia de documentos, aus\u00eancia de assinatura e outras inconsist\u00eancias, assim como os aposentados antes de 1\u00ba de maio de 2017, uma vez que cumpriram o interst\u00edcio de 24 meses.<br \/>\nEm lista divulgada no Di\u00e1rio Oficial do dia 6 de outubro, o governo excluiu trabalhadores e confiscou o direito ao retroativo de 2014. Al\u00e9m de orientar os trabalhadores, o Sindsa\u00fade encaminhou of\u00edcio ao governador Rui Costa e aos secret\u00e1rios da Sa\u00fade, F\u00e1bio Vilas Boas, e da Administra\u00e7\u00e3o, Edelvino G\u00f3es, interpondo recurso contra a portaria n\u00ba 1144\/2017, para garantir que os servidores n\u00e3o sejam prejudicados.<br \/>\nO sindicato exige o pagamento dos efeitos financeiros retroativos a 1\u00ba de novembro de 2014, de acordo com o que estabelece o artigo 13\u00ba da lei 12.598\/2012, que regulamenta a progress\u00e3o dos servidores da Sa\u00fade. Desrespeitando a legisla\u00e7\u00e3o, a Sesab afirma que o pagamento ser\u00e1 retroativo a maio de 2017.<br \/>\nAs diretoras Ivanilda Brito, Tereza Deir\u00f3 e Leonor Carvalho estiveram \u00e0 frente do plant\u00e3o de atendimento aos servidores no pr\u00e9dio da Sesab.<\/p>\n","protected":false},"excerpt":{"rendered":"<p>&nbsp; A diretoria do Sindsa\u00fade-Ba continua, at\u00e9 esta ter\u00e7a-feira (17), o plant\u00e3o de acompanhamento e orienta\u00e7\u00e3o aos servidores da SESAB que est\u00e3o protocolando recursos individuais para assegurar o direito \u00e0 progress\u00e3o. A a\u00e7\u00e3o, iniciada dia 6 de outubro, visa defender os servidores que foram exclu\u00eddos&#8230;<\/p>\n","protected":false},"author":2,"featured_media":8898,"comment_status":"closed","ping_status":"open","sticky":false,"template":"","format":"standard","meta":[],"categories":[11],"tags":[],"amp_validity":null,"amp_enabled":true,"_links":{"self":[{"href":"https:\/\/sindsaudeba.org.br\/portal\/wp-json\/wp\/v2\/posts\/8897"}],"collection":[{"href":"https:\/\/sindsaudeba.org.br\/portal\/wp-json\/wp\/v2\/posts"}],"about":[{"href":"https:\/\/sindsaudeba.org.br\/portal\/wp-json\/wp\/v2\/types\/post"}],"author":[{"embeddable":true,"href":"https:\/\/sindsaudeba.org.br\/portal\/wp-json\/wp\/v2\/users\/2"}],"replies":[{"embeddable":true,"href":"https:\/\/sindsaudeba.org.br\/portal\/wp-json\/wp\/v2\/comments?post=8897"}],"version-history":[{"count":1,"href":"https:\/\/sindsaudeba.org.br\/portal\/wp-json\/wp\/v2\/posts\/8897\/revisions"}],"predecessor-version":[{"id":13567,"href":"https:\/\/sindsaudeba.org.br\/portal\/wp-json\/wp\/v2\/posts\/8897\/revisions\/13567"}],"wp:featuredmedia":[{"embeddable":true,"href":"https:\/\/sindsaudeba.org.br\/portal\/wp-json\/wp\/v2\/media\/8898"}],"wp:attachment":[{"href":"https:\/\/sindsaudeba.org.br\/portal\/wp-json\/wp\/v2\/media?parent=8897"}],"wp:term":[{"taxonomy":"category","embeddable":true,"href":"https:\/\/sindsaudeba.org.br\/portal\/wp-json\/wp\/v2\/categories?post=8897"},{"taxonomy":"post_tag","embeddable":true,"href":"https:\/\/sindsaudeba.org.br\/portal\/wp-json\/wp\/v2\/tags?post=8897"}],"curies":[{"name":"wp","href":"https:\/\/api.w.org\/{rel}","templated":true}]}}