{"id":8881,"date":"2017-10-11T15:46:14","date_gmt":"2017-10-11T18:46:14","guid":{"rendered":"http:\/\/www.sindsaudeba.org.br\/novo\/?p=8881"},"modified":"2019-12-13T17:44:24","modified_gmt":"2019-12-13T20:44:24","slug":"nota-de-pesar-cinea-ferreira-de-oliveira","status":"publish","type":"post","link":"https:\/\/sindsaudeba.org.br\/portal\/blog\/nota-de-pesar-cinea-ferreira-de-oliveira\/","title":{"rendered":"Nota de pesar &#8211; Cinea Ferreira de Oliveira"},"content":{"rendered":"<p><a href=\"http:\/\/www.sindsaudeba.org.br\/novo\/wp-content\/uploads\/2017\/10\/cinea.jpg\"><img loading=\"lazy\" class=\"alignleft size-medium wp-image-8882\" src=\"http:\/\/www.sindsaudeba.org.br\/novo\/wp-content\/uploads\/2017\/10\/cinea-266x300.jpg\" alt=\"cinea\" width=\"266\" height=\"300\" \/><\/a>A diretoria do Sindsa\u00fade lamenta o falecimento da ex-diretora de comunica\u00e7\u00e3o do sindicato, a servidora da Sa\u00fade Cinea Ferreira de Oliveira . Militante do PC do B, Cinea foi uma fazia parte do antigo movimento estudantil \u201cVira\u00e7\u00e3o\u201d, muito atuante nas luta pelas conquistas sociais. Ela tamb\u00e9m foi uma das fundadoras do antigo bloco carnavalesco \u201cPanela Vazia\u201d e do movimento contra a carestia. A cerim\u00f4nia de crema\u00e7\u00e3o foi realizada nesta quarta-feira (11\/10), no Cemit\u00e9rio Jardim da Saudade, no bairro de Brotas, em Salvador, \u00e0s 9h30. Aos familiares e amigos externamos a nossa solidariedade.<\/p>\n","protected":false},"excerpt":{"rendered":"<p>A diretoria do Sindsa\u00fade lamenta o falecimento da ex-diretora de comunica\u00e7\u00e3o do sindicato, a servidora da Sa\u00fade Cinea Ferreira de Oliveira . Militante do PC do B, Cinea foi uma fazia parte do antigo movimento estudantil \u201cVira\u00e7\u00e3o\u201d, muito atuante nas luta pelas conquistas sociais. Ela&#8230;<\/p>\n","protected":false},"author":2,"featured_media":8883,"comment_status":"closed","ping_status":"open","sticky":false,"template":"","format":"standard","meta":[],"categories":[9],"tags":[],"amp_validity":null,"amp_enabled":true,"_links":{"self":[{"href":"https:\/\/sindsaudeba.org.br\/portal\/wp-json\/wp\/v2\/posts\/8881"}],"collection":[{"href":"https:\/\/sindsaudeba.org.br\/portal\/wp-json\/wp\/v2\/posts"}],"about":[{"href":"https:\/\/sindsaudeba.org.br\/portal\/wp-json\/wp\/v2\/types\/post"}],"author":[{"embeddable":true,"href":"https:\/\/sindsaudeba.org.br\/portal\/wp-json\/wp\/v2\/users\/2"}],"replies":[{"embeddable":true,"href":"https:\/\/sindsaudeba.org.br\/portal\/wp-json\/wp\/v2\/comments?post=8881"}],"version-history":[{"count":1,"href":"https:\/\/sindsaudeba.org.br\/portal\/wp-json\/wp\/v2\/posts\/8881\/revisions"}],"predecessor-version":[{"id":13569,"href":"https:\/\/sindsaudeba.org.br\/portal\/wp-json\/wp\/v2\/posts\/8881\/revisions\/13569"}],"wp:featuredmedia":[{"embeddable":true,"href":"https:\/\/sindsaudeba.org.br\/portal\/wp-json\/wp\/v2\/media\/8883"}],"wp:attachment":[{"href":"https:\/\/sindsaudeba.org.br\/portal\/wp-json\/wp\/v2\/media?parent=8881"}],"wp:term":[{"taxonomy":"category","embeddable":true,"href":"https:\/\/sindsaudeba.org.br\/portal\/wp-json\/wp\/v2\/categories?post=8881"},{"taxonomy":"post_tag","embeddable":true,"href":"https:\/\/sindsaudeba.org.br\/portal\/wp-json\/wp\/v2\/tags?post=8881"}],"curies":[{"name":"wp","href":"https:\/\/api.w.org\/{rel}","templated":true}]}}