{"id":8875,"date":"2017-10-11T11:02:46","date_gmt":"2017-10-11T14:02:46","guid":{"rendered":"http:\/\/www.sindsaudeba.org.br\/novo\/?p=8875"},"modified":"2019-12-13T17:44:24","modified_gmt":"2019-12-13T20:44:24","slug":"sindsaude-e-servidores-fazem-mobilizacao-contra-lista-da-progressao-em-frente-a-sesab","status":"publish","type":"post","link":"https:\/\/sindsaudeba.org.br\/portal\/blog\/sindsaude-e-servidores-fazem-mobilizacao-contra-lista-da-progressao-em-frente-a-sesab\/","title":{"rendered":"Sindsa\u00fade e servidores fazem mobiliza\u00e7\u00e3o contra lista da progress\u00e3o em frente \u00e0 Sesab"},"content":{"rendered":"<div id=\"attachment_8876\" style=\"width: 310px\" class=\"wp-caption alignleft\"><a href=\"http:\/\/www.sindsaudeba.org.br\/novo\/wp-content\/uploads\/2017\/10\/site1.jpg\"><img aria-describedby=\"caption-attachment-8876\" loading=\"lazy\" class=\"wp-image-8876 size-medium\" src=\"http:\/\/www.sindsaudeba.org.br\/novo\/wp-content\/uploads\/2017\/10\/site1-300x200.jpg\" alt=\"site1\" width=\"300\" height=\"200\" \/><\/a><p id=\"caption-attachment-8876\" class=\"wp-caption-text\">Fotos: Jo\u00e3o Ubaldo<\/p><\/div><br \/>\nA diretoria do Sindsa\u00fade e os servidores da Sa\u00fade fizeram uma mobiliza\u00e7\u00e3o em frente \u00e0 Sesab nesta ter\u00e7a-feira (10\/10), contra a lista da progress\u00e3o divulgada pelo governo no Di\u00e1rio Oficial no dia 6 de outubro, que excluiu trabalhadores e confiscou o direito ao retroativo de 2014.<br \/>\nO Sindicato prestou orienta\u00e7\u00e3o aos servidores que foram \u00e0 Sesab para dar entrada no recurso individual no setor de protocolo, contra\u00a0 a medida que desrespeita e retira direitos dos trabalhadores. O Sindsa\u00fade tamb\u00e9m j\u00e1 encaminhou of\u00edcio para o governador Rui Costa e os secret\u00e1rios da Sa\u00fade F\u00e1bio Vilas Boas e da Administra\u00e7\u00e3o Edelvino G\u00f3es, interpondo recurso contra a portaria n\u00ba 1144\/2017, para garantir que os trabalhadores n\u00e3o sejam prejudicados.<br \/>\n<a href=\"http:\/\/www.sindsaudeba.org.br\/novo\/wp-content\/uploads\/2017\/10\/DSC_0585.jpg\"><img loading=\"lazy\" class=\"alignleft size-medium wp-image-8877\" src=\"http:\/\/www.sindsaudeba.org.br\/novo\/wp-content\/uploads\/2017\/10\/DSC_0585-300x200.jpg\" alt=\"DSC_0585\" width=\"300\" height=\"200\" \/><\/a>O Sindsa\u00fade exige o pagamento dos efeitos financeiros retroativos a 1\u00ba de novembro de 2014, de acordo com o que estabelece o artigo 13\u00ba da lei 12.598\/2012, que regulamenta a progress\u00e3o dos servidores da sa\u00fade. Desrespeitando a legisla\u00e7\u00e3o, a Sesab afirma que o pagamento ser\u00e1 retroativo a maio de 2017. O sindicato cobra o direito \u00e0 progress\u00e3o aos servidores que foram exclu\u00eddos da lista por insufici\u00eancia de documentos, aus\u00eancia de assinatura e outras inconsist\u00eancias e dos servidores aposentados antes de 1\u00ba de Maio de 2017, uma vez que cumpriram o interst\u00edcio de 24 meses.<br \/>\nO Sindsapude orienta a todos os servidores que preencham o formul\u00e1rio e entrem com recurso no setor de protocolo ou Recurso Humanos das \u00a0unidades de origens ou na sede da Sesab. <strong>Esse procedimento deve ser feito at\u00e9 o dia 17 de outubro, prazo limite fixado pelo Estado para manifesta\u00e7\u00e3o.<\/strong><br \/>\n&nbsp;<\/p>\n","protected":false},"excerpt":{"rendered":"<p>A diretoria do Sindsa\u00fade e os servidores da Sa\u00fade fizeram uma mobiliza\u00e7\u00e3o em frente \u00e0 Sesab nesta ter\u00e7a-feira (10\/10), contra a lista da progress\u00e3o divulgada pelo governo no Di\u00e1rio Oficial no dia 6 de outubro, que excluiu trabalhadores e confiscou o direito ao retroativo de&#8230;<\/p>\n","protected":false},"author":2,"featured_media":8876,"comment_status":"closed","ping_status":"open","sticky":false,"template":"","format":"standard","meta":[],"categories":[11,10],"tags":[],"amp_validity":null,"amp_enabled":true,"_links":{"self":[{"href":"https:\/\/sindsaudeba.org.br\/portal\/wp-json\/wp\/v2\/posts\/8875"}],"collection":[{"href":"https:\/\/sindsaudeba.org.br\/portal\/wp-json\/wp\/v2\/posts"}],"about":[{"href":"https:\/\/sindsaudeba.org.br\/portal\/wp-json\/wp\/v2\/types\/post"}],"author":[{"embeddable":true,"href":"https:\/\/sindsaudeba.org.br\/portal\/wp-json\/wp\/v2\/users\/2"}],"replies":[{"embeddable":true,"href":"https:\/\/sindsaudeba.org.br\/portal\/wp-json\/wp\/v2\/comments?post=8875"}],"version-history":[{"count":1,"href":"https:\/\/sindsaudeba.org.br\/portal\/wp-json\/wp\/v2\/posts\/8875\/revisions"}],"predecessor-version":[{"id":13570,"href":"https:\/\/sindsaudeba.org.br\/portal\/wp-json\/wp\/v2\/posts\/8875\/revisions\/13570"}],"wp:featuredmedia":[{"embeddable":true,"href":"https:\/\/sindsaudeba.org.br\/portal\/wp-json\/wp\/v2\/media\/8876"}],"wp:attachment":[{"href":"https:\/\/sindsaudeba.org.br\/portal\/wp-json\/wp\/v2\/media?parent=8875"}],"wp:term":[{"taxonomy":"category","embeddable":true,"href":"https:\/\/sindsaudeba.org.br\/portal\/wp-json\/wp\/v2\/categories?post=8875"},{"taxonomy":"post_tag","embeddable":true,"href":"https:\/\/sindsaudeba.org.br\/portal\/wp-json\/wp\/v2\/tags?post=8875"}],"curies":[{"name":"wp","href":"https:\/\/api.w.org\/{rel}","templated":true}]}}