{"id":8867,"date":"2017-10-09T16:53:56","date_gmt":"2017-10-09T19:53:56","guid":{"rendered":"http:\/\/www.sindsaudeba.org.br\/novo\/?p=8867"},"modified":"2019-12-13T17:44:24","modified_gmt":"2019-12-13T20:44:24","slug":"manifestacao-contra-portaria-da-progressao-nesta-terca-feira-1010-em-frente-a-sesab-as-9h","status":"publish","type":"post","link":"https:\/\/sindsaudeba.org.br\/portal\/blog\/manifestacao-contra-portaria-da-progressao-nesta-terca-feira-1010-em-frente-a-sesab-as-9h\/","title":{"rendered":"Manifesta\u00e7\u00e3o contra portaria da progress\u00e3o, nesta ter\u00e7a-feira 10\/10, em frente \u00e0 Sesab, \u00e0s 9h!"},"content":{"rendered":"<p><a href=\"http:\/\/www.sindsaudeba.org.br\/novo\/wp-content\/uploads\/2017\/10\/cartaz-manifesta\u00e7\u00e3o.jpg\"><img loading=\"lazy\" class=\"alignleft size-full wp-image-8868\" src=\"http:\/\/www.sindsaudeba.org.br\/novo\/wp-content\/uploads\/2017\/10\/cartaz-manifesta\u00e7\u00e3o.jpg\" alt=\"cartaz manifesta\u00e7\u00e3o\" width=\"1000\" height=\"1414\" \/><\/a><\/p>\n","protected":false},"excerpt":{"rendered":"","protected":false},"author":2,"featured_media":8869,"comment_status":"closed","ping_status":"open","sticky":false,"template":"","format":"standard","meta":[],"categories":[11],"tags":[],"amp_validity":null,"amp_enabled":true,"_links":{"self":[{"href":"https:\/\/sindsaudeba.org.br\/portal\/wp-json\/wp\/v2\/posts\/8867"}],"collection":[{"href":"https:\/\/sindsaudeba.org.br\/portal\/wp-json\/wp\/v2\/posts"}],"about":[{"href":"https:\/\/sindsaudeba.org.br\/portal\/wp-json\/wp\/v2\/types\/post"}],"author":[{"embeddable":true,"href":"https:\/\/sindsaudeba.org.br\/portal\/wp-json\/wp\/v2\/users\/2"}],"replies":[{"embeddable":true,"href":"https:\/\/sindsaudeba.org.br\/portal\/wp-json\/wp\/v2\/comments?post=8867"}],"version-history":[{"count":1,"href":"https:\/\/sindsaudeba.org.br\/portal\/wp-json\/wp\/v2\/posts\/8867\/revisions"}],"predecessor-version":[{"id":13572,"href":"https:\/\/sindsaudeba.org.br\/portal\/wp-json\/wp\/v2\/posts\/8867\/revisions\/13572"}],"wp:featuredmedia":[{"embeddable":true,"href":"https:\/\/sindsaudeba.org.br\/portal\/wp-json\/wp\/v2\/media\/8869"}],"wp:attachment":[{"href":"https:\/\/sindsaudeba.org.br\/portal\/wp-json\/wp\/v2\/media?parent=8867"}],"wp:term":[{"taxonomy":"category","embeddable":true,"href":"https:\/\/sindsaudeba.org.br\/portal\/wp-json\/wp\/v2\/categories?post=8867"},{"taxonomy":"post_tag","embeddable":true,"href":"https:\/\/sindsaudeba.org.br\/portal\/wp-json\/wp\/v2\/tags?post=8867"}],"curies":[{"name":"wp","href":"https:\/\/api.w.org\/{rel}","templated":true}]}}