{"id":8866,"date":"2017-10-09T17:08:28","date_gmt":"2017-10-09T20:08:28","guid":{"rendered":"http:\/\/www.sindsaudeba.org.br\/novo\/?p=8866"},"modified":"2019-12-13T17:44:24","modified_gmt":"2019-12-13T20:44:24","slug":"sindsaude-interpoe-recurso-contra-lista-da-progressao-e-convoca-categoria-para-manifestacao-em-frente-a-sesab-nesta-terca-1010","status":"publish","type":"post","link":"https:\/\/sindsaudeba.org.br\/portal\/blog\/sindsaude-interpoe-recurso-contra-lista-da-progressao-e-convoca-categoria-para-manifestacao-em-frente-a-sesab-nesta-terca-1010\/","title":{"rendered":"Sindsa\u00fade interp\u00f5e recurso contra lista da progress\u00e3o e convoca categoria para manifesta\u00e7\u00e3o em frente \u00e0 Sesab nesta ter\u00e7a (10\/10)"},"content":{"rendered":"<p><a href=\"http:\/\/www.sindsaudeba.org.br\/novo\/wp-content\/uploads\/2017\/10\/AVISO-IMPORTANTE1.jpg\"><img loading=\"lazy\" class=\"alignleft size-medium wp-image-8871\" src=\"http:\/\/www.sindsaudeba.org.br\/novo\/wp-content\/uploads\/2017\/10\/AVISO-IMPORTANTE1-300x213.jpg\" alt=\"AVISO IMPORTANTE\" width=\"300\" height=\"213\" \/><\/a>Em mais um ato de desrespeito e descaso com os servidores da sa\u00fade, o secret\u00e1rio da Sa\u00fade F\u00e1bio Vilas-Boas retirou direitos dos trabalhadores do grupo ocupacional aptos a progredirem na carreira e confiscou o direito ao retroativo, deste benef\u00edcio que deveria ser pago desde 2014.<br \/>\nDiante dessa situa\u00e7\u00e3o, o Sindsa\u00fade encaminhou, nesta segunda-feira, 9 de outubro, of\u00edcio para o governador Rui Costa e os secret\u00e1rios da Sa\u00fade F\u00e1bio Vilas Boas e da Administra\u00e7\u00e3o Edelvino G\u00f3es, interpondo recurso contra a portaria n\u00ba 1144\/2017, publicada no Di\u00e1rio Oficial da \u00faltima sexta-feira (6\/10), para garantir que os trabalhadores n\u00e3o sejam prejudicados.<br \/>\nNo documento, o Sindsa\u00fade exige o pagamento dos efeitos financeiros retroativos a 1\u00ba de novembro de 2014, de acordo com o que estabelece o artigo 13\u00ba da lei 12.598\/2012, que regulamenta a progress\u00e3o dos servidores da sa\u00fade. Desrespeitando a legisla\u00e7\u00e3o, a Sesab afirma que o pagamento ser\u00e1 retroativo a maio de 2017.<br \/>\nO sindicato cobra o direito \u00e0 progress\u00e3o aos servidores que foram exclu\u00eddos da lista por insufici\u00eancia de documentos, aus\u00eancia de assinatura e outras inconsist\u00eancias, visto que n\u00e3o foi oportunizado a estes profissionais a regulariza\u00e7\u00e3o da documenta\u00e7\u00e3o apresentada, impondo-lhes assim injustificado preju\u00edzo. O Sindsa\u00fade tamb\u00e9m cobra o direito de progredir aos servidores aposentados antes de 1\u00ba de Maio de 2017, tamb\u00e9m ao arrepio da lei, uma vez que cumpriram o interst\u00edcio de 24 meses.<br \/>\n&nbsp;<br \/>\n<strong>O Sindsa\u00fade repudia a atitude do governo em suprimir mais este direito dos trabalhadores e convoca os servidores do Grupo Ocupacional Sa\u00fade para manifesta\u00e7\u00e3o contra a portaria da progress\u00e3o, em frente \u00e0 Secretaria da Sa\u00fade do Estado (Sesab), e para darem entrada em seu recurso, nesta ter\u00e7a-feira, 10 de outubro, \u00e0s 9h. <\/strong><br \/>\n<strong>O Sindsa\u00fade, atrav\u00e9s de sua assessoria jur\u00eddica, orienta aos trabalhadores que apresentem recurso, individualmente, contra a portaria da progress\u00e3o. O <strong>modelo abaixo deve ser preenchido e entregue no setor de Recursos Humanos de sua unidade ou na Sesab. Esse procedimento deve ser feito at\u00e9 o dia 11 de outubro, prazo limite fixado pelo Estado para manifesta\u00e7\u00e3o.<\/strong><\/strong><br \/>\n&nbsp;<br \/>\nModelo de recurso:<br \/>\n&nbsp;<br \/>\n&nbsp;<br \/>\nExmo. Sr. Secret\u00e1rio de Sa\u00fade do Estado da Bahia<br \/>\nEu&#8230;&#8230;&#8230;&#8230;&#8230;&#8230;&#8230;&#8230;&#8230;&#8230;&#8230;&#8230;&#8230;&#8230;&#8230;&#8230;&#8230;&#8230;&#8230;&#8230;&#8230;&#8230;&#8230;&#8230;&#8230;&#8230;&#8230;., servidor desta SESAB, Matr\u00edcula n\u00ba&#8230;&#8230;&#8230;&#8230;&#8230;&#8230;&#8230;&#8230;&#8230;&#8230;&#8230;., dentro do prazo legal, respeitosamente vem \u00e0 presen\u00e7a de V.Exa. interpor RECURSO contra as listas de progress\u00e3o da Portaria n\u00ba 1144\/2017, publicada no Di\u00e1rio Oficial de 06.10.2017, para requerer que, em cumprimento ao quanto estabelecido na Lei 12.598\/2012, lhe sejam assegurados os efeitos financeiros \u00e0 progress\u00e3o funcional, computando para fins de pagamento dos valores retroativos, 1\u00ba de Novembro de 2014, data em que cumprido o interst\u00edcio de 24 (vinte e quatro) meses de que trata o Artigo 13\u00b0, II, \u00a7 3\u00ba da mencionada lei.<br \/>\n&nbsp;<br \/>\nSalvador, &#8230;&#8230;&#8230;&#8230; de Outubro de 2017.<br \/>\n&nbsp;<br \/>\n&#8230;&#8230;&#8230;&#8230;&#8230;&#8230;&#8230;&#8230;&#8230;&#8230;&#8230;&#8230;&#8230;&#8230;&#8230;&#8230;&#8230;&#8230;&#8230;&#8230;&#8230;&#8230;&#8230;<br \/>\n&nbsp;<br \/>\n&nbsp;<br \/>\n&nbsp;<\/p>\n","protected":false},"excerpt":{"rendered":"<p>Em mais um ato de desrespeito e descaso com os servidores da sa\u00fade, o secret\u00e1rio da Sa\u00fade F\u00e1bio Vilas-Boas retirou direitos dos trabalhadores do grupo ocupacional aptos a progredirem na carreira e confiscou o direito ao retroativo, deste benef\u00edcio que deveria ser pago desde 2014&#8230;.<\/p>\n","protected":false},"author":2,"featured_media":8871,"comment_status":"closed","ping_status":"open","sticky":false,"template":"","format":"standard","meta":[],"categories":[11],"tags":[],"amp_validity":null,"amp_enabled":true,"_links":{"self":[{"href":"https:\/\/sindsaudeba.org.br\/portal\/wp-json\/wp\/v2\/posts\/8866"}],"collection":[{"href":"https:\/\/sindsaudeba.org.br\/portal\/wp-json\/wp\/v2\/posts"}],"about":[{"href":"https:\/\/sindsaudeba.org.br\/portal\/wp-json\/wp\/v2\/types\/post"}],"author":[{"embeddable":true,"href":"https:\/\/sindsaudeba.org.br\/portal\/wp-json\/wp\/v2\/users\/2"}],"replies":[{"embeddable":true,"href":"https:\/\/sindsaudeba.org.br\/portal\/wp-json\/wp\/v2\/comments?post=8866"}],"version-history":[{"count":1,"href":"https:\/\/sindsaudeba.org.br\/portal\/wp-json\/wp\/v2\/posts\/8866\/revisions"}],"predecessor-version":[{"id":13571,"href":"https:\/\/sindsaudeba.org.br\/portal\/wp-json\/wp\/v2\/posts\/8866\/revisions\/13571"}],"wp:featuredmedia":[{"embeddable":true,"href":"https:\/\/sindsaudeba.org.br\/portal\/wp-json\/wp\/v2\/media\/8871"}],"wp:attachment":[{"href":"https:\/\/sindsaudeba.org.br\/portal\/wp-json\/wp\/v2\/media?parent=8866"}],"wp:term":[{"taxonomy":"category","embeddable":true,"href":"https:\/\/sindsaudeba.org.br\/portal\/wp-json\/wp\/v2\/categories?post=8866"},{"taxonomy":"post_tag","embeddable":true,"href":"https:\/\/sindsaudeba.org.br\/portal\/wp-json\/wp\/v2\/tags?post=8866"}],"curies":[{"name":"wp","href":"https:\/\/api.w.org\/{rel}","templated":true}]}}