{"id":8858,"date":"2017-10-07T13:44:33","date_gmt":"2017-10-07T16:44:33","guid":{"rendered":"http:\/\/www.sindsaudeba.org.br\/novo\/?p=8858"},"modified":"2019-12-13T17:44:24","modified_gmt":"2019-12-13T20:44:24","slug":"progressao-comunicado-urgente","status":"publish","type":"post","link":"https:\/\/sindsaudeba.org.br\/portal\/blog\/progressao-comunicado-urgente\/","title":{"rendered":"PROGRESS\u00c3O: COMUNICADO URGENTE!"},"content":{"rendered":"<p><a href=\"http:\/\/www.sindsaudeba.org.br\/novo\/wp-content\/uploads\/2017\/10\/AVISO-IMPORTANTE.jpg\"><img loading=\"lazy\" class=\"alignleft size-medium wp-image-8859\" src=\"http:\/\/www.sindsaudeba.org.br\/novo\/wp-content\/uploads\/2017\/10\/AVISO-IMPORTANTE-300x213.jpg\" alt=\"AVISO IMPORTANTE\" width=\"300\" height=\"213\" \/><\/a>A DIRETORIA DO SINDSA\u00daDE INFORMA QUE AO ANALISAR A\u00a0PUBLICA\u00c7\u00c3O NO DI\u00c1RIO OFICIAL DE ONTEM, 06\/10\/17, DA LISTA DOS SERVIDORES QUE TER\u00c3O DIREITO \u00c0 PROGRESS\u00c3O NO PLANO DE CARREIRA DO GRUPO OCUPACIONAL SA\u00daDE, IDENTIFICOU QUE O DIREITO\u00a0<strong>RETROAGE A MAIO de 2017 QUANDO DEVERIA SER RETROATIVO \u00c0 NOVEMBRO DE 2014, DE ACORDO COM O DECRETO N\u00ba 16.564,\u00a0<\/strong>E, QUE EST\u00c3O\u00a0<strong>EXCLU\u00cdDOS (AS) DESSA LISTA OS (AS) SERVIDORES (AS) QUE APOSENTARAM AT\u00c9 ABRIL DE 2017, <\/strong>ENTRE OUTROS SERVIDORES QUE APRESENTARAM ALGUM TIPO DE FALHA NO PROCESSO, CABE RECURSO.<br \/>\nDIANTE DESSA SITUA\u00c7\u00c3O, O SINDICATO IR\u00c1 \u00c0 SAEB, NA SEGUNDA FEIRA, 09\/10, NO PRIMEIRO HOR\u00c1RIO DE EXPEDIENTE P\u00daBLICO, PARA COBRAR O CUMPRIMENTO DA LEI E A GARANTIA DO NOSSO DIREITO \u00c0 PROGRESS\u00c3O NO PCCV. EM SEGUIDA INFORMAREMOS AS MEDIDAS A SEREM ADOTADAS.<br \/>\n<strong>Decreto N\u00ba 16.564 DE 29 DE JANEIRO DE 2016 que Regulamenta a progress\u00e3o das carreiras integrantes do Grupo Ocupacional Servi\u00e7os P\u00fablicos de Sa\u00fade, exceto as carreiras de M\u00e9dico e Regulador da Assist\u00eancia em Sa\u00fade.<\/strong><br \/>\n<strong>Art. 20 &#8211; Para fins do primeiro processo de progress\u00e3o ap\u00f3s a publica\u00e7\u00e3o deste Decreto, o interst\u00edcio m\u00ednimo em cada n\u00edvel dever\u00e1 ter sido conclu\u00eddo at\u00e9 o dia 1\u00ba de novembro de 2014. Art. 21 &#8211; Os efeitos financeiros do primeiro processo de progress\u00e3o ap\u00f3s a publica\u00e7\u00e3o deste Decreto retroagir\u00e3o a 1\u00ba de novembro de 2014.<\/strong><br \/>\n&nbsp;<br \/>\n&nbsp;<\/p>\n","protected":false},"excerpt":{"rendered":"<p>A DIRETORIA DO SINDSA\u00daDE INFORMA QUE AO ANALISAR A\u00a0PUBLICA\u00c7\u00c3O NO DI\u00c1RIO OFICIAL DE ONTEM, 06\/10\/17, DA LISTA DOS SERVIDORES QUE TER\u00c3O DIREITO \u00c0 PROGRESS\u00c3O NO PLANO DE CARREIRA DO GRUPO OCUPACIONAL SA\u00daDE, IDENTIFICOU QUE O DIREITO\u00a0RETROAGE A MAIO de 2017 QUANDO DEVERIA SER RETROATIVO \u00c0&#8230;<\/p>\n","protected":false},"author":2,"featured_media":8859,"comment_status":"closed","ping_status":"open","sticky":false,"template":"","format":"standard","meta":[],"categories":[11],"tags":[],"amp_validity":null,"amp_enabled":true,"_links":{"self":[{"href":"https:\/\/sindsaudeba.org.br\/portal\/wp-json\/wp\/v2\/posts\/8858"}],"collection":[{"href":"https:\/\/sindsaudeba.org.br\/portal\/wp-json\/wp\/v2\/posts"}],"about":[{"href":"https:\/\/sindsaudeba.org.br\/portal\/wp-json\/wp\/v2\/types\/post"}],"author":[{"embeddable":true,"href":"https:\/\/sindsaudeba.org.br\/portal\/wp-json\/wp\/v2\/users\/2"}],"replies":[{"embeddable":true,"href":"https:\/\/sindsaudeba.org.br\/portal\/wp-json\/wp\/v2\/comments?post=8858"}],"version-history":[{"count":1,"href":"https:\/\/sindsaudeba.org.br\/portal\/wp-json\/wp\/v2\/posts\/8858\/revisions"}],"predecessor-version":[{"id":13574,"href":"https:\/\/sindsaudeba.org.br\/portal\/wp-json\/wp\/v2\/posts\/8858\/revisions\/13574"}],"wp:featuredmedia":[{"embeddable":true,"href":"https:\/\/sindsaudeba.org.br\/portal\/wp-json\/wp\/v2\/media\/8859"}],"wp:attachment":[{"href":"https:\/\/sindsaudeba.org.br\/portal\/wp-json\/wp\/v2\/media?parent=8858"}],"wp:term":[{"taxonomy":"category","embeddable":true,"href":"https:\/\/sindsaudeba.org.br\/portal\/wp-json\/wp\/v2\/categories?post=8858"},{"taxonomy":"post_tag","embeddable":true,"href":"https:\/\/sindsaudeba.org.br\/portal\/wp-json\/wp\/v2\/tags?post=8858"}],"curies":[{"name":"wp","href":"https:\/\/api.w.org\/{rel}","templated":true}]}}