{"id":8851,"date":"2017-10-05T15:42:55","date_gmt":"2017-10-05T18:42:55","guid":{"rendered":"http:\/\/www.sindsaudeba.org.br\/novo\/?p=8851"},"modified":"2019-12-13T17:44:24","modified_gmt":"2019-12-13T20:44:24","slug":"servidores-da-saude-do-estado-realizam-manifestacao-para-cobrar-direitos-em-frente-a-sesab","status":"publish","type":"post","link":"https:\/\/sindsaudeba.org.br\/portal\/blog\/servidores-da-saude-do-estado-realizam-manifestacao-para-cobrar-direitos-em-frente-a-sesab\/","title":{"rendered":"Servidores da sa\u00fade do estado realizam  manifesta\u00e7\u00e3o para cobrar direitos em frente \u00e0 Sesab"},"content":{"rendered":"<div>\n<div id=\"attachment_8852\" style=\"width: 310px\" class=\"wp-caption alignleft\"><a href=\"http:\/\/www.sindsaudeba.org.br\/novo\/wp-content\/uploads\/2017\/10\/Foto.-Jo\u00e3o-Ubaldo.-58.jpg\"><img aria-describedby=\"caption-attachment-8852\" loading=\"lazy\" class=\"size-medium wp-image-8852\" src=\"http:\/\/www.sindsaudeba.org.br\/novo\/wp-content\/uploads\/2017\/10\/Foto.-Jo\u00e3o-Ubaldo.-58-300x200.jpg\" alt=\"Fotos: Jo\u00e3o Ubaldo\" width=\"300\" height=\"200\" \/><\/a><p id=\"caption-attachment-8852\" class=\"wp-caption-text\">Fotos: Jo\u00e3o Ubaldo<\/p><\/div>\n<p class=\"x_xmsonormal\">Um painel com n\u00famero de processos administrativos de servidores que se encontram aguardando publica\u00e7\u00e3o h\u00e1 pelo menos dois anos foi afixado na porta da Sesab, no CAB, durante manifesta\u00e7\u00e3o do Sindsa\u00fade e dos trabalhadores nesta quarta-feira (4\/10). O objetivo foi denunciar o desrespeito e cobrar agilidade do governo para a publica\u00e7\u00e3o desses processos, a exemplo dos pedidos de aposentadoria, licen\u00e7as-pr\u00eamio e abono perman\u00eancia.<\/p>\n<p class=\"x_xmsonormal\">O Sindsa\u00fade tem informa\u00e7\u00e3o de que existem cerca de 1300 processos de\u00a0<span class=\"x_xgmail-m-3103979621305562910highlight\">aposentadoria<\/span>s represados. Alguns desses aguardam instru\u00e7\u00e3o h\u00e1 dois anos, sem qualquer perspectiva de quando ser\u00e3o publicados. Essa situa\u00e7\u00e3o s\u00f3 tende a se agravar j\u00e1 que existe um d\u00e9ficit de servidores na \u00e1rea administrativa habilitados em instru\u00e7\u00e3o de processos de pessoal.<\/p>\n<p class=\"x_MsoNormal\"><a href=\"http:\/\/www.sindsaudeba.org.br\/novo\/wp-content\/uploads\/2017\/10\/Foto.-Jo\u00e3o-Ubaldo.-23.jpg\"><img loading=\"lazy\" class=\"alignleft size-medium wp-image-8853\" src=\"http:\/\/www.sindsaudeba.org.br\/novo\/wp-content\/uploads\/2017\/10\/Foto.-Jo\u00e3o-Ubaldo.-23-300x200.jpg\" alt=\"Foto. Jo\u00e3o Ubaldo. (23)\" width=\"300\" height=\"200\" \/><\/a>Para o presidente do Sindsa\u00fade Silvio Roberto dos Anjos e Silva, o que est\u00e3o fazendo com os trabalhadores \u00e9 algo t\u00edpico de uma persegui\u00e7\u00e3o intensiva e intencional. \u201cSitua\u00e7\u00f5es que j\u00e1 poderiam ter sido resolvidas continuam paradas. O governador Rui Costa e o secret\u00e1rio F\u00e1bio Vilas-Boas n\u00e3o t\u00eam sensibilidade e n\u00e3o fazem a m\u00ednima quest\u00e3o de buscar a resolu\u00e7\u00e3o desses processos. Os trabalhadores est\u00e3o nas unidades pagando para trabalhar , muitos angustiados e adoecidos. Essa situa\u00e7\u00e3o \u00a0se caracteriza como trabalho an\u00e1logo ao escravo\u201d, denunciou.<\/p>\n<p class=\"x_MsoNormal\">O diretor do Sindsa\u00fade Dijalma Rossi destacou que, que os trabalhadores percorrem uma verdadeira \u201cvia crucis\u201d para garantir o direito \u00e0 aposentadoria. \u201cMuitas vezes esse trabalhador \u00e9 penalizado. Porque o processo dele vai de sala em sala, chega at\u00e9 a Procuradoria, volta para a Secretaria e continua parado\u201d, destacou.<\/p>\n<p class=\"x_xgmail-m-3103979621305562910xxgmail-xmsonormal\">O Sindsa\u00fade e os trabalhadores da sa\u00fade tamb\u00e9m cobram do governo do estado o cumprimento da decis\u00e3o do Tribunal de Justi\u00e7a da Bahia que determinou o pagamento imediato do adicional da insalubridade, que foi retirado dos contracheques dos servidores, sem justificativa plaus\u00edvel, em 2015.<\/p>\n<p class=\"x_MsoNormal\">A diretora Inalba Fontenelle destacou que a not\u00edcia da retirada da insalubridade levou um grande n\u00famero de funcion\u00e1rios a dar entrada ao processo de aposentadoria precocemente, com medo de perder o benef\u00edcio. \u201cO resultado disso n\u00f3s observamos hoje que \u00e9 o ac\u00famulo de processos que est\u00e3o parados\u201d, disse. \u00a0Ela ressaltou que o trabalhador \u00e9 penalizado com esta espera, pois o tempo que ele aguarda at\u00e9 a publica\u00e7\u00e3o da aposentadoria, n\u00e3o \u00e9 levado em considera\u00e7\u00e3o pelo governo e alguns direitos n\u00e3o s\u00e3o incorporados. Inalba criticou tamb\u00e9m a m\u00e1 gest\u00e3o do governador Rui Costa e do secret\u00e1rio F\u00e1bio Vilas-Boas, que n\u00e3o possui abertura de di\u00e1logo com o movimento social e com os trabalhadores.<\/p>\n<p class=\"x_xgmail-m-3103979621305562910xxgmail-xmsonormal\">O Sindsa\u00fade repudia os atos arbitr\u00e1rios do governo do estado e da Sesab, que desrespeitam os servidores e impedem os mesmos a terem acesso aos seus direitos. O sindicato continuar\u00e1 mobilizado, cobrando melhorias e agilidade para garantir que os trabalhadores da sa\u00fade tenham o seu direito respeitado plenamente.<\/p>\n<\/div>\n","protected":false},"excerpt":{"rendered":"<p>Um painel com n\u00famero de processos administrativos de servidores que se encontram aguardando publica\u00e7\u00e3o h\u00e1 pelo menos dois anos foi afixado na porta da Sesab, no CAB, durante manifesta\u00e7\u00e3o do Sindsa\u00fade e dos trabalhadores nesta quarta-feira (4\/10). O objetivo foi denunciar o desrespeito e cobrar&#8230;<\/p>\n","protected":false},"author":2,"featured_media":8852,"comment_status":"closed","ping_status":"open","sticky":false,"template":"","format":"standard","meta":[],"categories":[11,10],"tags":[],"amp_validity":null,"amp_enabled":true,"_links":{"self":[{"href":"https:\/\/sindsaudeba.org.br\/portal\/wp-json\/wp\/v2\/posts\/8851"}],"collection":[{"href":"https:\/\/sindsaudeba.org.br\/portal\/wp-json\/wp\/v2\/posts"}],"about":[{"href":"https:\/\/sindsaudeba.org.br\/portal\/wp-json\/wp\/v2\/types\/post"}],"author":[{"embeddable":true,"href":"https:\/\/sindsaudeba.org.br\/portal\/wp-json\/wp\/v2\/users\/2"}],"replies":[{"embeddable":true,"href":"https:\/\/sindsaudeba.org.br\/portal\/wp-json\/wp\/v2\/comments?post=8851"}],"version-history":[{"count":1,"href":"https:\/\/sindsaudeba.org.br\/portal\/wp-json\/wp\/v2\/posts\/8851\/revisions"}],"predecessor-version":[{"id":13575,"href":"https:\/\/sindsaudeba.org.br\/portal\/wp-json\/wp\/v2\/posts\/8851\/revisions\/13575"}],"wp:featuredmedia":[{"embeddable":true,"href":"https:\/\/sindsaudeba.org.br\/portal\/wp-json\/wp\/v2\/media\/8852"}],"wp:attachment":[{"href":"https:\/\/sindsaudeba.org.br\/portal\/wp-json\/wp\/v2\/media?parent=8851"}],"wp:term":[{"taxonomy":"category","embeddable":true,"href":"https:\/\/sindsaudeba.org.br\/portal\/wp-json\/wp\/v2\/categories?post=8851"},{"taxonomy":"post_tag","embeddable":true,"href":"https:\/\/sindsaudeba.org.br\/portal\/wp-json\/wp\/v2\/tags?post=8851"}],"curies":[{"name":"wp","href":"https:\/\/api.w.org\/{rel}","templated":true}]}}