{"id":8842,"date":"2017-09-29T11:28:50","date_gmt":"2017-09-29T14:28:50","guid":{"rendered":"http:\/\/www.sindsaudeba.org.br\/novo\/?p=8842"},"modified":"2019-12-13T17:45:22","modified_gmt":"2019-12-13T20:45:22","slug":"sindsaude-participa-de-etapa-macrorregional-da-1a-conferencia-de-vigilancia-em-saude-em-vit-da-conquista","status":"publish","type":"post","link":"https:\/\/sindsaudeba.org.br\/portal\/blog\/sindsaude-participa-de-etapa-macrorregional-da-1a-conferencia-de-vigilancia-em-saude-em-vit-da-conquista\/","title":{"rendered":"Sindsa\u00fade participa de etapa macrorregional da 1\u00aa Confer\u00eancia de Vigil\u00e2ncia em Sa\u00fade, em Vit. da Conquista"},"content":{"rendered":"<p><a href=\"http:\/\/www.sindsaudeba.org.br\/novo\/wp-content\/uploads\/2017\/09\/IMG_0443.jpg\"><img loading=\"lazy\" class=\"alignleft size-medium wp-image-8843\" src=\"http:\/\/www.sindsaudeba.org.br\/novo\/wp-content\/uploads\/2017\/09\/IMG_0443-300x169.jpg\" alt=\"IMG_0443\" width=\"300\" height=\"169\" \/><\/a>Com o tema &#8216;Pol\u00edtica Nacional de Vigil\u00e2ncia em Sa\u00fade e o Fortalecimento do SUS como Direito \u00e0 Prote\u00e7\u00e3o e Promo\u00e7\u00e3o da Sa\u00fade do Povo Brasileiro&#8217;, as etapas macrorregionais da 1\u00aa Confer\u00eancia de Vigil\u00e2ncia em Sa\u00fade foram iniciadas no dia 26 de setembro, que ocorreu na regi\u00e3o sudoeste. \u00a0O evento foi realizado em Vit\u00f3ria da Conquista, no Centro Municipal de Aten\u00e7\u00e3o Especializada (Cemae), na Avenida Ol\u00edvia Flores, na ter\u00e7a (26) e quarta (27).<br \/>\nO presidente do Sindsa\u00fade Silvio Roberto dos Anjos e Silva participou do evento, integrando a coordena\u00e7\u00e3o de trabalhos de grupo, da elei\u00e7\u00e3o de delegados para a Confer\u00eancia Nacional e da plen\u00e1ria final.<br \/>\n<a href=\"http:\/\/www.sindsaudeba.org.br\/novo\/wp-content\/uploads\/2017\/09\/IMG_0444.jpg\"><img loading=\"lazy\" class=\"alignleft size-medium wp-image-8844\" src=\"http:\/\/www.sindsaudeba.org.br\/novo\/wp-content\/uploads\/2017\/09\/IMG_0444-300x169.jpg\" alt=\"IMG_0444\" width=\"300\" height=\"169\" \/><\/a>Os encontros t\u00eam como principal objetivo propor diretrizes para a formula\u00e7\u00e3o da Pol\u00edtica Nacional de Vigil\u00e2ncia em Sa\u00fade e o fortalecimento de a\u00e7\u00f5es de Promo\u00e7\u00e3o e Prote\u00e7\u00e3o \u00e0 Sa\u00fade. Essas propostas formuladas nas etapas macrorregionais ser\u00e3o levadas para a etapa estadual e, posteriormente, as que tiveram aprova\u00e7\u00e3o no \u00e2mbito estadual ser\u00e3o encaminhadas para a confer\u00eancia nacional. Depois do sudoeste, as confer\u00eancias ser\u00e3o realizadas na Regi\u00e3o Centro-Leste, nos dias 27 e 28 de setembro, em Feira de Santana, na FTC, e na regi\u00e3o norte, nos dias 28 e 29 de setembro, em Juazeiro, no Grande Hotel.<br \/>\n&nbsp;<\/p>\n","protected":false},"excerpt":{"rendered":"<p>Com o tema &#8216;Pol\u00edtica Nacional de Vigil\u00e2ncia em Sa\u00fade e o Fortalecimento do SUS como Direito \u00e0 Prote\u00e7\u00e3o e Promo\u00e7\u00e3o da Sa\u00fade do Povo Brasileiro&#8217;, as etapas macrorregionais da 1\u00aa Confer\u00eancia de Vigil\u00e2ncia em Sa\u00fade foram iniciadas no dia 26 de setembro, que ocorreu na&#8230;<\/p>\n","protected":false},"author":2,"featured_media":8843,"comment_status":"closed","ping_status":"open","sticky":false,"template":"","format":"standard","meta":[],"categories":[9],"tags":[],"amp_validity":null,"amp_enabled":true,"_links":{"self":[{"href":"https:\/\/sindsaudeba.org.br\/portal\/wp-json\/wp\/v2\/posts\/8842"}],"collection":[{"href":"https:\/\/sindsaudeba.org.br\/portal\/wp-json\/wp\/v2\/posts"}],"about":[{"href":"https:\/\/sindsaudeba.org.br\/portal\/wp-json\/wp\/v2\/types\/post"}],"author":[{"embeddable":true,"href":"https:\/\/sindsaudeba.org.br\/portal\/wp-json\/wp\/v2\/users\/2"}],"replies":[{"embeddable":true,"href":"https:\/\/sindsaudeba.org.br\/portal\/wp-json\/wp\/v2\/comments?post=8842"}],"version-history":[{"count":1,"href":"https:\/\/sindsaudeba.org.br\/portal\/wp-json\/wp\/v2\/posts\/8842\/revisions"}],"predecessor-version":[{"id":13577,"href":"https:\/\/sindsaudeba.org.br\/portal\/wp-json\/wp\/v2\/posts\/8842\/revisions\/13577"}],"wp:featuredmedia":[{"embeddable":true,"href":"https:\/\/sindsaudeba.org.br\/portal\/wp-json\/wp\/v2\/media\/8843"}],"wp:attachment":[{"href":"https:\/\/sindsaudeba.org.br\/portal\/wp-json\/wp\/v2\/media?parent=8842"}],"wp:term":[{"taxonomy":"category","embeddable":true,"href":"https:\/\/sindsaudeba.org.br\/portal\/wp-json\/wp\/v2\/categories?post=8842"},{"taxonomy":"post_tag","embeddable":true,"href":"https:\/\/sindsaudeba.org.br\/portal\/wp-json\/wp\/v2\/tags?post=8842"}],"curies":[{"name":"wp","href":"https:\/\/api.w.org\/{rel}","templated":true}]}}