{"id":8827,"date":"2017-09-29T09:56:08","date_gmt":"2017-09-29T12:56:08","guid":{"rendered":"http:\/\/www.sindsaudeba.org.br\/novo\/?p=8827"},"modified":"2019-12-13T17:45:22","modified_gmt":"2019-12-13T20:45:22","slug":"urv-servidores-da-saude-realizam-manifestacao-em-frente-ao-forum-ruy-barbosa","status":"publish","type":"post","link":"https:\/\/sindsaudeba.org.br\/portal\/blog\/urv-servidores-da-saude-realizam-manifestacao-em-frente-ao-forum-ruy-barbosa\/","title":{"rendered":"URV: Servidores da Sa\u00fade realizam  manifesta\u00e7\u00e3o em frente ao F\u00f3rum Ruy Barbosa"},"content":{"rendered":"<div id=\"attachment_8831\" style=\"width: 310px\" class=\"wp-caption alignleft\"><a href=\"http:\/\/www.sindsaudeba.org.br\/novo\/wp-content\/uploads\/2017\/09\/site11.jpg\"><img aria-describedby=\"caption-attachment-8831\" loading=\"lazy\" class=\"size-medium wp-image-8831\" src=\"http:\/\/www.sindsaudeba.org.br\/novo\/wp-content\/uploads\/2017\/09\/site11-300x200.jpg\" alt=\"Fotos: Jo\u00e3o Ubaldo\" width=\"300\" height=\"200\" \/><\/a><p id=\"caption-attachment-8831\" class=\"wp-caption-text\">Fotos: Jo\u00e3o Ubaldo<\/p><\/div>\n<p class=\"x_MsoNormal\">Passado tr\u00eas anos, desde que o Sindsa\u00fade apresentou os c\u00e1lculos da URV \u00e0 Justi\u00e7a, os servidores da Sa\u00fade, orientados pelo Sindsa\u00fade , e o Sindimed realizaram uma manifesta\u00e7\u00e3o em frente ao F\u00f3rum Ruy Barbosa, nesta quinta-feira (28\/9), para demonstrar indigna\u00e7\u00e3o com a protela\u00e7\u00e3o da a\u00e7\u00e3o de cobran\u00e7a da URV por parte do Governo do Estado.<\/p>\n<p class=\"x_MsoNormal\">Com apitos, faixas e cartazes, os trabalhadores reafirmaram a confian\u00e7a na Justi\u00e7a para que a a\u00e7\u00e3o, que j\u00e1 dura mais de 10 anos, seja conclu\u00edda o mais breve poss\u00edvel. A a\u00e7\u00e3o de cobran\u00e7a da URV, em curso na 7\u00aa Vara da Fazenda P\u00fablica da Capital, encontra-se desde outubro de 2014, aguardando pronunciamento judicial sobre os Embargos de Declara\u00e7\u00e3o apresentados pelo Estado, que solicitou ao juiz esclarecimentos sobre a senten\u00e7a que determinou o pagamento da URV aos servidores da Sa\u00fade, unicamente com o prop\u00f3sito de protelar o andamento da a\u00e7\u00e3o.<\/p>\n<p class=\"x_MsoNormal\"><a href=\"http:\/\/www.sindsaudeba.org.br\/novo\/wp-content\/uploads\/2017\/09\/site3.jpg\"><img loading=\"lazy\" class=\"alignleft size-medium wp-image-8829\" src=\"http:\/\/www.sindsaudeba.org.br\/novo\/wp-content\/uploads\/2017\/09\/site3-300x200.jpg\" alt=\"site3\" width=\"300\" height=\"200\" \/><\/a>\u00a0\u201cHoje, estamos aqui, mais uma vez, para pedir que a Justi\u00e7a fa\u00e7a cumprir a determina\u00e7\u00e3o da Justi\u00e7a. N\u00e3o h\u00e1 mais nenhum tipo de recurso que o governador possa tentar, porque todos os pareceres judiciais em rela\u00e7\u00e3o ao direito \u00e0 URV sempre foram favor\u00e1veis aos trabalhadores da Sa\u00fade. A Justi\u00e7a n\u00e3o pode deixar que o governador descumpra e desrespeite esta decis\u00e3o\u201d, disse o presidente do Sindsa\u00fade, Silvio Roberto dos Anjos e Silva.<\/p>\n<p class=\"x_MsoNormal\">O diretor do Sindsa\u00fade Dijalma Rossi lembrou que a decis\u00e3o judicial que garantiu o pagamento das diferen\u00e7as salariais aos servidores de sa\u00fade j\u00e1 transitou em julgado, sendo iniciada sua execu\u00e7\u00e3o com a apresenta\u00e7\u00e3o de c\u00e1lculos pelo Sindsa\u00fade-Ba em 22 de Abril de 2014. Al\u00e9m disso, desde outubro de 2014, verificou-se a mudan\u00e7a de, pelo menos, cinco \u00a0magistrados na 7\u00ba Vara da Fazenda P\u00fablica da Capital, o que tamb\u00e9m tem contribu\u00eddo para o atraso na aprecia\u00e73\u00e3o e julgamento destes Embargos de Declara\u00e7\u00e3o e prosseguimento da execu\u00e7\u00e3o.<\/p>\n<div id=\"attachment_8828\" style=\"width: 310px\" class=\"wp-caption alignleft\"><a href=\"http:\/\/www.sindsaudeba.org.br\/novo\/wp-content\/uploads\/2017\/09\/site21.jpg\"><img aria-describedby=\"caption-attachment-8828\" loading=\"lazy\" class=\"size-medium wp-image-8828\" src=\"http:\/\/www.sindsaudeba.org.br\/novo\/wp-content\/uploads\/2017\/09\/site21-300x200.jpg\" alt=\"Fotos: Jo\u00e3o Ubaldo\" width=\"300\" height=\"200\" \/><\/a><p id=\"caption-attachment-8828\" class=\"wp-caption-text\">Fotos: Jo\u00e3o Ubaldo<\/p><\/div>\n<p class=\"x_MsoNormal\">\u201cA decis\u00e3o da URV j\u00e1 transitou em julgado porque o governo perdeu o prazo. Agora estamos confiando na Justi\u00e7a baiana para que este processo seja conclu\u00eddo. Esta luta j\u00e1 dura mais de 10 anos. Queremos que as garantias da Justi\u00e7a cheguem para todos os trabalhadores\u201d, disse.<\/p>\n<p class=\"x_MsoNormal\">A diretora do Sindsa\u00fade, Inalba Fontenelle ressaltou que a convers\u00e3o do Cruzeiro para URV, em 1994, representou uma perda significativa nos vencimentos dos trabalhadores. \u201cA URV faz falta aos trabalhadores porque, atualmente, seus sal\u00e1rios t\u00eam uma defasagem de 11,98%. \u00a0Ao longo desses 10 anos, muitos trabalhadores morreram sem receber o seu direito e muitos est\u00e3o aposentados com situa\u00e7\u00e3o econ\u00f4mica \u00a0comprometida, pois tamb\u00e9m est\u00e3o h\u00e1 \u00a0dois anos sem reajuste salarial\u201d, destacou.<\/p>\n<p class=\"x_MsoNormal\">O Sindsa\u00fade e os servidores da Sa\u00fade continuam lutando pelo prosseguimento do processo de cobran\u00e7a, at\u00e9 que seja garantido a todos o pagamento desse direito j\u00e1 conquistado judicialmente.<\/p>\n","protected":false},"excerpt":{"rendered":"<p>Passado tr\u00eas anos, desde que o Sindsa\u00fade apresentou os c\u00e1lculos da URV \u00e0 Justi\u00e7a, os servidores da Sa\u00fade, orientados pelo Sindsa\u00fade , e o Sindimed realizaram uma manifesta\u00e7\u00e3o em frente ao F\u00f3rum Ruy Barbosa, nesta quinta-feira (28\/9), para demonstrar indigna\u00e7\u00e3o com a protela\u00e7\u00e3o da a\u00e7\u00e3o&#8230;<\/p>\n","protected":false},"author":2,"featured_media":8831,"comment_status":"closed","ping_status":"open","sticky":false,"template":"","format":"standard","meta":[],"categories":[11,10],"tags":[],"amp_validity":null,"amp_enabled":true,"_links":{"self":[{"href":"https:\/\/sindsaudeba.org.br\/portal\/wp-json\/wp\/v2\/posts\/8827"}],"collection":[{"href":"https:\/\/sindsaudeba.org.br\/portal\/wp-json\/wp\/v2\/posts"}],"about":[{"href":"https:\/\/sindsaudeba.org.br\/portal\/wp-json\/wp\/v2\/types\/post"}],"author":[{"embeddable":true,"href":"https:\/\/sindsaudeba.org.br\/portal\/wp-json\/wp\/v2\/users\/2"}],"replies":[{"embeddable":true,"href":"https:\/\/sindsaudeba.org.br\/portal\/wp-json\/wp\/v2\/comments?post=8827"}],"version-history":[{"count":1,"href":"https:\/\/sindsaudeba.org.br\/portal\/wp-json\/wp\/v2\/posts\/8827\/revisions"}],"predecessor-version":[{"id":13579,"href":"https:\/\/sindsaudeba.org.br\/portal\/wp-json\/wp\/v2\/posts\/8827\/revisions\/13579"}],"wp:featuredmedia":[{"embeddable":true,"href":"https:\/\/sindsaudeba.org.br\/portal\/wp-json\/wp\/v2\/media\/8831"}],"wp:attachment":[{"href":"https:\/\/sindsaudeba.org.br\/portal\/wp-json\/wp\/v2\/media?parent=8827"}],"wp:term":[{"taxonomy":"category","embeddable":true,"href":"https:\/\/sindsaudeba.org.br\/portal\/wp-json\/wp\/v2\/categories?post=8827"},{"taxonomy":"post_tag","embeddable":true,"href":"https:\/\/sindsaudeba.org.br\/portal\/wp-json\/wp\/v2\/tags?post=8827"}],"curies":[{"name":"wp","href":"https:\/\/api.w.org\/{rel}","templated":true}]}}