{"id":882,"date":"2013-03-11T12:15:18","date_gmt":"2013-03-11T15:15:18","guid":{"rendered":"http:\/\/www.sindsaudeba.org.br\/novo\/?p=882"},"modified":"2019-12-13T18:00:29","modified_gmt":"2019-12-13T21:00:29","slug":"sindicato-e-trabalhadores-do-psf-realizarao-manifestacao-caso-salario-de-dezembro-nao-seja-pago-nesta-terca-12","status":"publish","type":"post","link":"https:\/\/sindsaudeba.org.br\/portal\/blog\/sindicato-e-trabalhadores-do-psf-realizarao-manifestacao-caso-salario-de-dezembro-nao-seja-pago-nesta-terca-12\/","title":{"rendered":"Sindsa\u00fade e trabalhadores do PSF realizar\u00e3o manifesta\u00e7\u00e3o caso sal\u00e1rio de dezembro n\u00e3o seja pago"},"content":{"rendered":"<p>O Sindsa\u00fade-Ba informa aos trabalhadores terceirizados do Programa Sa\u00fade da Fam\u00edlia (PSF) que caso a prefeitura n\u00e3o pague o sal\u00e1rio de dezembro de 2012 at\u00e9 a manh\u00e3 desta ter\u00e7a-feira (12), o sindicato e trabalhadores realizar\u00e3o manifesta\u00e7\u00e3o na C\u00e2mara de Vereadores, \u00e0s 14h.<\/p>\n","protected":false},"excerpt":{"rendered":"<p>O Sindsa\u00fade-Ba informa aos trabalhadores terceirizados do Programa Sa\u00fade da Fam\u00edlia (PSF) que caso a prefeitura n\u00e3o pague o sal\u00e1rio de dezembro de 2012 at\u00e9 a manh\u00e3 desta ter\u00e7a-feira (12), o sindicato e trabalhadores realizar\u00e3o manifesta\u00e7\u00e3o na C\u00e2mara de Vereadores, \u00e0s 14h.<\/p>\n","protected":false},"author":2,"featured_media":883,"comment_status":"open","ping_status":"open","sticky":false,"template":"","format":"standard","meta":[],"categories":[11],"tags":[],"amp_validity":null,"amp_enabled":true,"_links":{"self":[{"href":"https:\/\/sindsaudeba.org.br\/portal\/wp-json\/wp\/v2\/posts\/882"}],"collection":[{"href":"https:\/\/sindsaudeba.org.br\/portal\/wp-json\/wp\/v2\/posts"}],"about":[{"href":"https:\/\/sindsaudeba.org.br\/portal\/wp-json\/wp\/v2\/types\/post"}],"author":[{"embeddable":true,"href":"https:\/\/sindsaudeba.org.br\/portal\/wp-json\/wp\/v2\/users\/2"}],"replies":[{"embeddable":true,"href":"https:\/\/sindsaudeba.org.br\/portal\/wp-json\/wp\/v2\/comments?post=882"}],"version-history":[{"count":1,"href":"https:\/\/sindsaudeba.org.br\/portal\/wp-json\/wp\/v2\/posts\/882\/revisions"}],"predecessor-version":[{"id":14573,"href":"https:\/\/sindsaudeba.org.br\/portal\/wp-json\/wp\/v2\/posts\/882\/revisions\/14573"}],"wp:featuredmedia":[{"embeddable":true,"href":"https:\/\/sindsaudeba.org.br\/portal\/wp-json\/wp\/v2\/media\/883"}],"wp:attachment":[{"href":"https:\/\/sindsaudeba.org.br\/portal\/wp-json\/wp\/v2\/media?parent=882"}],"wp:term":[{"taxonomy":"category","embeddable":true,"href":"https:\/\/sindsaudeba.org.br\/portal\/wp-json\/wp\/v2\/categories?post=882"},{"taxonomy":"post_tag","embeddable":true,"href":"https:\/\/sindsaudeba.org.br\/portal\/wp-json\/wp\/v2\/tags?post=882"}],"curies":[{"name":"wp","href":"https:\/\/api.w.org\/{rel}","templated":true}]}}