{"id":8793,"date":"2017-09-19T12:56:45","date_gmt":"2017-09-19T15:56:45","guid":{"rendered":"http:\/\/www.sindsaudeba.org.br\/novo\/?p=8793"},"modified":"2019-12-13T17:45:23","modified_gmt":"2019-12-13T20:45:23","slug":"servidores-do-hospital-luis-viana-filho-estao-apreensivos-com-a-proposta-de-municipalizacao","status":"publish","type":"post","link":"https:\/\/sindsaudeba.org.br\/portal\/blog\/servidores-do-hospital-luis-viana-filho-estao-apreensivos-com-a-proposta-de-municipalizacao\/","title":{"rendered":"Servidores do Hospital Lu\u00eds Viana Filho est\u00e3o  apreensivos com a proposta de municipaliza\u00e7\u00e3o"},"content":{"rendered":"<div><a href=\"http:\/\/www.sindsaudeba.org.br\/novo\/wp-content\/uploads\/2017\/09\/site1.jpg\"><img loading=\"lazy\" class=\"alignleft size-medium wp-image-8794\" src=\"http:\/\/www.sindsaudeba.org.br\/novo\/wp-content\/uploads\/2017\/09\/site1-300x169.jpg\" alt=\"site1\" width=\"300\" height=\"169\" \/><\/a><\/p>\n<p class=\"x_MsoNormal\">Em reuni\u00e3o com a vice-presidente do Sindsa\u00fade-Ba Tereza Deir\u00f3 e a diretora Diala Magalh\u00e3es, servidores do Hospital Luis Viana Filho, em Ilh\u00e9us, afirmaram estar indignados e apreensivos quanto \u00e0 poss\u00edvel municipaliza\u00e7\u00e3o da unidade.<\/p>\n<p class=\"x_MsoNormal\">\u00a0Cerca de 470 trabalhadores, entre enfermeiros, nutricionistas, auxiliares e t\u00e9cnicos de enfermagem, t\u00e9cnicos de laborat\u00f3rio e administrativos de todos os setores se queixaram de total descaso da Sesab, por ainda n\u00e3o ter esclarecido como se dar\u00e1 o processo de municipaliza\u00e7\u00e3o, visto que, at\u00e9 o momento, nenhuma reuni\u00e3o foi realizada para definir qual o contingente de trabalhadores permanecer\u00e1 no hospital e para onde ir\u00e3o os demais.<\/p>\n<\/div>\n<div>\n<p class=\"x_MsoNormal\">\n<p class=\"x_MsoNormal\">Ap\u00f3s longa discuss\u00e3o, especialmente acerca de poss\u00edveis perdas salariais e de direitos, os servidores decidiram, em conjunto com o Sindsa\u00fade-Ba, realizar uma Audi\u00eancia Publica, convidando o Minist\u00e9rio P\u00fablico Estadual e a gest\u00e3o de pessoal da Sesab, entre outras autoridades locais. Al\u00e9m disso, decidiram pela participa\u00e7\u00e3o e acompanhamento do Conselho Municipal de Sa\u00fade e pela luta permanente e coletiva por nenhum direito a menos.<\/p>\n<p class=\"x_MsoNormal\">Em uma breve reuni\u00e3o com a Secretaria da Sa\u00fade do munic\u00edpio, Eliz\u00e2ngela Oliveira, a vice-presidente do Sindsa\u00fade, Tereza Deir\u00f3 e diretora Diala Magalh\u00e3es indagaram sobre as pretens\u00f5es do munic\u00edpio com a municipaliza\u00e7\u00e3o. A secret\u00e1ria afirmou que a perspectiva \u00e9 pela implanta\u00e7\u00e3o de unidades pedi\u00e1trica e de atendimento ao parto e neonatal de alto risco, pois a sa\u00fade do munic\u00edpio \u00e9 muito deficit\u00e1ria nesses servi\u00e7os. Entretanto, demonstrou n\u00e3o estar informada sobre como se dar\u00e1 o processo, deixando claro que, caso a municipaliza\u00e7\u00e3o se concretize, o munic\u00edpio estabelecer\u00e1 as suas regras quanto ao quadro de pessoal que permanecer\u00e1.<\/p>\n<p class=\"x_MsoNormal\"><a href=\"http:\/\/www.sindsaudeba.org.br\/novo\/wp-content\/uploads\/2017\/09\/site2.jpg\"><img loading=\"lazy\" class=\"alignleft size-medium wp-image-8795\" src=\"http:\/\/www.sindsaudeba.org.br\/novo\/wp-content\/uploads\/2017\/09\/site2-300x169.jpg\" alt=\"site2\" width=\"300\" height=\"169\" \/><\/a>O Sindsaude-Ba solicitar\u00e1 audi\u00eancia com o secretario da Sa\u00fade do F\u00e1bio Vilas-Boas para pedir esclarecimentos sobre o processo de municipaliza\u00e7\u00e3o do Hospital Luis Viana Filho, bem como o processo de terceiriza\u00e7\u00e3o do Hospital do Cacau, entendendo que o governo do Estado da Bahia est\u00e1 na contram\u00e3o do fortalecimento do SUS quando inaugura mais uma hospital terceirizado e j\u00e1\u00a0 completam nove anos sem realizar concurso publico, refor\u00e7ando a precariza\u00e7\u00e3o dos v\u00ednculos de trabalho e transferindo para a\u00a0 gest\u00e3o privada (OS, OSCIPs e PPPs entre outras) \u00a0a gest\u00e3o de hospitais do Estado.<\/p>\n<\/div>\n","protected":false},"excerpt":{"rendered":"<p>Em reuni\u00e3o com a vice-presidente do Sindsa\u00fade-Ba Tereza Deir\u00f3 e a diretora Diala Magalh\u00e3es, servidores do Hospital Luis Viana Filho, em Ilh\u00e9us, afirmaram estar indignados e apreensivos quanto \u00e0 poss\u00edvel municipaliza\u00e7\u00e3o da unidade. \u00a0Cerca de 470 trabalhadores, entre enfermeiros, nutricionistas, auxiliares e t\u00e9cnicos de enfermagem,&#8230;<\/p>\n","protected":false},"author":2,"featured_media":8794,"comment_status":"closed","ping_status":"open","sticky":false,"template":"","format":"standard","meta":[],"categories":[11],"tags":[],"amp_validity":null,"amp_enabled":true,"_links":{"self":[{"href":"https:\/\/sindsaudeba.org.br\/portal\/wp-json\/wp\/v2\/posts\/8793"}],"collection":[{"href":"https:\/\/sindsaudeba.org.br\/portal\/wp-json\/wp\/v2\/posts"}],"about":[{"href":"https:\/\/sindsaudeba.org.br\/portal\/wp-json\/wp\/v2\/types\/post"}],"author":[{"embeddable":true,"href":"https:\/\/sindsaudeba.org.br\/portal\/wp-json\/wp\/v2\/users\/2"}],"replies":[{"embeddable":true,"href":"https:\/\/sindsaudeba.org.br\/portal\/wp-json\/wp\/v2\/comments?post=8793"}],"version-history":[{"count":1,"href":"https:\/\/sindsaudeba.org.br\/portal\/wp-json\/wp\/v2\/posts\/8793\/revisions"}],"predecessor-version":[{"id":13586,"href":"https:\/\/sindsaudeba.org.br\/portal\/wp-json\/wp\/v2\/posts\/8793\/revisions\/13586"}],"wp:featuredmedia":[{"embeddable":true,"href":"https:\/\/sindsaudeba.org.br\/portal\/wp-json\/wp\/v2\/media\/8794"}],"wp:attachment":[{"href":"https:\/\/sindsaudeba.org.br\/portal\/wp-json\/wp\/v2\/media?parent=8793"}],"wp:term":[{"taxonomy":"category","embeddable":true,"href":"https:\/\/sindsaudeba.org.br\/portal\/wp-json\/wp\/v2\/categories?post=8793"},{"taxonomy":"post_tag","embeddable":true,"href":"https:\/\/sindsaudeba.org.br\/portal\/wp-json\/wp\/v2\/tags?post=8793"}],"curies":[{"name":"wp","href":"https:\/\/api.w.org\/{rel}","templated":true}]}}