{"id":8789,"date":"2017-09-18T12:37:06","date_gmt":"2017-09-18T15:37:06","guid":{"rendered":"http:\/\/www.sindsaudeba.org.br\/novo\/?p=8789"},"modified":"2019-12-13T17:45:23","modified_gmt":"2019-12-13T20:45:23","slug":"dia-22-tem-ato-primavera-de-lutas-contra-a-reforma-da-previdencia","status":"publish","type":"post","link":"https:\/\/sindsaudeba.org.br\/portal\/blog\/dia-22-tem-ato-primavera-de-lutas-contra-a-reforma-da-previdencia\/","title":{"rendered":"Dia 22 tem Ato Primavera de Lutas contra a reforma da Previd\u00eancia"},"content":{"rendered":"<div class=\"editor\">\n<a href=\"http:\/\/www.sindsaudeba.org.br\/novo\/wp-content\/uploads\/2017\/09\/Primavera-de-Lutas-780x390.jpg\"><img loading=\"lazy\" class=\"alignleft size-medium wp-image-8790\" src=\"http:\/\/www.sindsaudeba.org.br\/novo\/wp-content\/uploads\/2017\/09\/Primavera-de-Lutas-780x390-300x198.jpg\" alt=\"Primavera-de-Lutas-780x390\" width=\"300\" height=\"198\" \/><\/a>A CTB-Bahia, junto com os sindicatos filiados, promove no dia 22 deste m\u00eas, o ato \u2018Primavera de Lutas &#8211; Se voc\u00ea n\u00e3o lutar, n\u00e3o vai se aposentar\u2019, que acontece a partir das 9h, na pra\u00e7a da Piedade, no Centro de Salvador.<br \/>\nA atividade busca chamar a aten\u00e7\u00e3o da sociedade para os graves riscos da reforma da Previd\u00eancia e os danos e efeitos da precariza\u00e7\u00e3o do trabalho. Al\u00e9m disso, protesta contra as pol\u00edticas neoliberais de desmanche do Estado e privatiza\u00e7\u00f5es, adotadas pelo governo ileg\u00edtimo de Michel Temer.<br \/>\nDurante o ato, dirigentes sindicais v\u00e3o distribuir flores, panfletos e conversar com a popula\u00e7\u00e3o. Para o presidente da CTB-Bahia, Pascoal Carneiro, o momento exige luta. \u201cSomos totalmente contr\u00e1rios a essa reforma da Previd\u00eancia proposta por Temer, que al\u00e9m de injusta, \u00e9 perversa, pois vai gerar pobreza, intensificar as desigualdades sociais, al\u00e9m de amea\u00e7ar o futuro das pr\u00f3ximas gera\u00e7\u00f5es de trabalhadores e trabalhadores\u201d, comenta.<br \/>\nOs detalhes do protesto foram definidos em reuni\u00e3o entre o presidente Pascoal Carneiro, o secret\u00e1rio-geral Ailton Ara\u00fajo e a secret\u00e1ria de Forma\u00e7\u00e3o, Inalba Fontenelle, mais uma comiss\u00e3o formada por representantes aposentados dos sindicatos filiados. Estiveram presentes Edgar de Jesus (Assufba), Cosme Ferreira, conhecido como Cosme Capenga (Rodovi\u00e1rios), Antonio Rebou\u00e7as (Constru\u00e7\u00e3o Civil), Jorge da Silva (SindSa\u00fade \u2013 rede p\u00fablica) e Jonas Lima (Metal\u00fargicos).<br \/>\n&nbsp;<br \/>\nFonte: CTB-Bahia\n<\/div>\n","protected":false},"excerpt":{"rendered":"<p>A CTB-Bahia, junto com os sindicatos filiados, promove no dia 22 deste m\u00eas, o ato \u2018Primavera de Lutas &#8211; Se voc\u00ea n\u00e3o lutar, n\u00e3o vai se aposentar\u2019, que acontece a partir das 9h, na pra\u00e7a da Piedade, no Centro de Salvador. A atividade busca chamar&#8230;<\/p>\n","protected":false},"author":2,"featured_media":8792,"comment_status":"closed","ping_status":"open","sticky":false,"template":"","format":"standard","meta":[],"categories":[11],"tags":[],"amp_validity":null,"amp_enabled":true,"_links":{"self":[{"href":"https:\/\/sindsaudeba.org.br\/portal\/wp-json\/wp\/v2\/posts\/8789"}],"collection":[{"href":"https:\/\/sindsaudeba.org.br\/portal\/wp-json\/wp\/v2\/posts"}],"about":[{"href":"https:\/\/sindsaudeba.org.br\/portal\/wp-json\/wp\/v2\/types\/post"}],"author":[{"embeddable":true,"href":"https:\/\/sindsaudeba.org.br\/portal\/wp-json\/wp\/v2\/users\/2"}],"replies":[{"embeddable":true,"href":"https:\/\/sindsaudeba.org.br\/portal\/wp-json\/wp\/v2\/comments?post=8789"}],"version-history":[{"count":1,"href":"https:\/\/sindsaudeba.org.br\/portal\/wp-json\/wp\/v2\/posts\/8789\/revisions"}],"predecessor-version":[{"id":13587,"href":"https:\/\/sindsaudeba.org.br\/portal\/wp-json\/wp\/v2\/posts\/8789\/revisions\/13587"}],"wp:featuredmedia":[{"embeddable":true,"href":"https:\/\/sindsaudeba.org.br\/portal\/wp-json\/wp\/v2\/media\/8792"}],"wp:attachment":[{"href":"https:\/\/sindsaudeba.org.br\/portal\/wp-json\/wp\/v2\/media?parent=8789"}],"wp:term":[{"taxonomy":"category","embeddable":true,"href":"https:\/\/sindsaudeba.org.br\/portal\/wp-json\/wp\/v2\/categories?post=8789"},{"taxonomy":"post_tag","embeddable":true,"href":"https:\/\/sindsaudeba.org.br\/portal\/wp-json\/wp\/v2\/tags?post=8789"}],"curies":[{"name":"wp","href":"https:\/\/api.w.org\/{rel}","templated":true}]}}