{"id":8769,"date":"2017-08-29T09:51:54","date_gmt":"2017-08-29T12:51:54","guid":{"rendered":"http:\/\/www.sindsaudeba.org.br\/novo\/?p=8769"},"modified":"2019-12-13T17:45:23","modified_gmt":"2019-12-13T20:45:23","slug":"sindsaude-e-comissao-de-trabalhadores-discutem-com-sesab-calendario-para-mudanca-do-predio-que-sofreu-incendio","status":"publish","type":"post","link":"https:\/\/sindsaudeba.org.br\/portal\/blog\/sindsaude-e-comissao-de-trabalhadores-discutem-com-sesab-calendario-para-mudanca-do-predio-que-sofreu-incendio\/","title":{"rendered":"Sindsa\u00fade e comiss\u00e3o de trabalhadores discutem com Sesab  calend\u00e1rio para mudan\u00e7a do pr\u00e9dio que sofreu inc\u00eandio"},"content":{"rendered":"<div>\n<p class=\"x_MsoNormal\"><a href=\"http:\/\/www.sindsaudeba.org.br\/novo\/wp-content\/uploads\/2017\/09\/reuni\u00e3o-predio-sesab.jpg\"><img loading=\"lazy\" class=\"alignleft size-medium wp-image-8770\" src=\"http:\/\/www.sindsaudeba.org.br\/novo\/wp-content\/uploads\/2017\/09\/reuni\u00e3o-predio-sesab-300x169.jpg\" alt=\"reuni\u00e3o predio sesab\" width=\"300\" height=\"169\" \/><\/a>O Sindsa\u00fade-Ba, representado pela vice-presidente Tereza Deir\u00f3 e pela diretora Ivanilda Brito, e a comiss\u00e3o de servidores da Sesab lotados no pr\u00e9dio da antiga Secretaria de Justi\u00e7a que sofreu inc\u00eandio em 2014, se reuniram com o assessor especial da Secretaria, Diego Alvarez, nesta ter\u00e7a-feira, 29 de agosto, para <span class=\"x_rphighlightallclass\">ajustar o cronograma de transfer\u00eancia dos setores.<\/span><\/p>\n<p>O assessor afirmou que os pr\u00e9dios destinados para transfer\u00eancia dos trabalhadores est\u00e3o passando por adequa\u00e7\u00f5es para que sejam oferecidas condi\u00e7\u00f5es dignas de trabalho. Ele se comprometeu que todos os servidores dever\u00e3o ser relocados at\u00e9 o dia 30 de setembro, sendo que a mudan\u00e7a dos 220 trabalhadores da Superintend\u00eancia\u00a0de\u00a0Assist\u00eancia Farmac\u00eautica, Ci\u00eancia e Tecnologia em Sa\u00fade \u2013\u00a0SAFTEC e do N\u00facleo Regional de Sa\u00fade Leste (NRSL) prevista at\u00e9 o meado do m\u00eas de setembro.<br \/>\nO Sindsa\u00fade ressalta que continua acompanhando todo o processo de mudan\u00e7a e adequa\u00e7\u00f5es dos im\u00f3veis e far\u00e1 o poss\u00edvel para que todos os servidores do pr\u00e9dio do CAB sejam transferidos antes prazo final determinado pela Sesab, visto que o im\u00f3vel n\u00e3o apresenta condi\u00e7\u00f5es dignas de trabalho.<br \/>\nEm assembleia realizada no dia 18 de agosto, os servidores aprovaram que o SAFTEC Ser\u00e1 transferido para o pr\u00e9dio da Diretoria de Informa\u00e7\u00e3o em Sa\u00fade (DIS), na Avenida ACM. J\u00e1 o N\u00facleo Regional de Sa\u00fade Leste (NRSL) ir\u00e1 para o Museu de Ci\u00eancias e Tecnologia, localizado na Avenida Jorge Amado. O destino dos trabalhadores da \u00a0Superintend\u00eancia de Gest\u00e3o dos Sistemas de Regula\u00e7\u00e3o da Aten\u00e7\u00e3o \u00e0 Sa\u00fade (SUREGS) e da Auditoria em Sa\u00fade, ainda est\u00e1 sendo discutido. Eles dever\u00e3o ser recolados para o Instituto An\u00edsio Teixeira e para o \u00a0Museu de Ci\u00eancia e Tecnologia (MTC).<\/p>\n<p class=\"x_MsoNormal\"><span class=\"x_rphighlightallclass\">\u00a0<\/span><\/p>\n<\/div>\n","protected":false},"excerpt":{"rendered":"<p>O Sindsa\u00fade-Ba, representado pela vice-presidente Tereza Deir\u00f3 e pela diretora Ivanilda Brito, e a comiss\u00e3o de servidores da Sesab lotados no pr\u00e9dio da antiga Secretaria de Justi\u00e7a que sofreu inc\u00eandio em 2014, se reuniram com o assessor especial da Secretaria, Diego Alvarez, nesta ter\u00e7a-feira, 29&#8230;<\/p>\n","protected":false},"author":2,"featured_media":8770,"comment_status":"closed","ping_status":"open","sticky":false,"template":"","format":"standard","meta":[],"categories":[11],"tags":[],"amp_validity":null,"amp_enabled":true,"_links":{"self":[{"href":"https:\/\/sindsaudeba.org.br\/portal\/wp-json\/wp\/v2\/posts\/8769"}],"collection":[{"href":"https:\/\/sindsaudeba.org.br\/portal\/wp-json\/wp\/v2\/posts"}],"about":[{"href":"https:\/\/sindsaudeba.org.br\/portal\/wp-json\/wp\/v2\/types\/post"}],"author":[{"embeddable":true,"href":"https:\/\/sindsaudeba.org.br\/portal\/wp-json\/wp\/v2\/users\/2"}],"replies":[{"embeddable":true,"href":"https:\/\/sindsaudeba.org.br\/portal\/wp-json\/wp\/v2\/comments?post=8769"}],"version-history":[{"count":1,"href":"https:\/\/sindsaudeba.org.br\/portal\/wp-json\/wp\/v2\/posts\/8769\/revisions"}],"predecessor-version":[{"id":13594,"href":"https:\/\/sindsaudeba.org.br\/portal\/wp-json\/wp\/v2\/posts\/8769\/revisions\/13594"}],"wp:featuredmedia":[{"embeddable":true,"href":"https:\/\/sindsaudeba.org.br\/portal\/wp-json\/wp\/v2\/media\/8770"}],"wp:attachment":[{"href":"https:\/\/sindsaudeba.org.br\/portal\/wp-json\/wp\/v2\/media?parent=8769"}],"wp:term":[{"taxonomy":"category","embeddable":true,"href":"https:\/\/sindsaudeba.org.br\/portal\/wp-json\/wp\/v2\/categories?post=8769"},{"taxonomy":"post_tag","embeddable":true,"href":"https:\/\/sindsaudeba.org.br\/portal\/wp-json\/wp\/v2\/tags?post=8769"}],"curies":[{"name":"wp","href":"https:\/\/api.w.org\/{rel}","templated":true}]}}