{"id":8752,"date":"2017-08-31T12:54:27","date_gmt":"2017-08-31T15:54:27","guid":{"rendered":"http:\/\/www.sindsaudeba.org.br\/novo\/?p=8752"},"modified":"2019-12-13T17:45:23","modified_gmt":"2019-12-13T20:45:23","slug":"sindsaude-marca-presenca-em-4o-congresso-nacional-da-ctb","status":"publish","type":"post","link":"https:\/\/sindsaudeba.org.br\/portal\/blog\/sindsaude-marca-presenca-em-4o-congresso-nacional-da-ctb\/","title":{"rendered":"Sindsa\u00fade marca presen\u00e7a em 4\u00ba Congresso Nacional da CTB"},"content":{"rendered":"<div id=\"attachment_8753\" style=\"width: 310px\" class=\"wp-caption alignleft\"><a href=\"http:\/\/www.sindsaudeba.org.br\/novo\/wp-content\/uploads\/2017\/08\/site22.jpg\"><img aria-describedby=\"caption-attachment-8753\" loading=\"lazy\" class=\"size-medium wp-image-8753\" src=\"http:\/\/www.sindsaudeba.org.br\/novo\/wp-content\/uploads\/2017\/08\/site22-300x200.jpg\" alt=\"Fotos: Jo\u00e3o Ubaldo \" width=\"300\" height=\"200\" \/><\/a><p id=\"caption-attachment-8753\" class=\"wp-caption-text\">Fotos: Jo\u00e3o Ubaldo<\/p><\/div><br \/>\nTemas relevantes sobre direito do trabalho e organiza\u00e7\u00e3o sindical nortearam os debates do 4\u00ba Congresso Nacional da CTB, realizados entre os dias 24 e 26 de agosto, em Salvador. O evento contou com a participa\u00e7\u00e3o de cerca de 1,2 mil delegados e delegadas do Brasil e de outros pa\u00edses, reunidos no Hotel Stella Maris, em Salvador, que elegeram nova dire\u00e7\u00e3o nacional da CTB neste s\u00e1bado (26).<br \/>\nA chapa continua sendo presidida pelo atual presidente nacional Adilson Ara\u00fajo, que inicia sua segunda gest\u00e3o \u00e0 frente da entidade. A diretora do Sindsa\u00fade e da CTB Bahia, Inalba Fontenelle foi eleita para diretoria plena da CTB Nacional.<br \/>\nO Sindsa\u00fade-Ba, marcou presen\u00e7a no evento representado pelos delegados , o presidente Silvio Roberto dos Anjos e Silva, a vice-presidente Tereza Deir\u00f3, e os diretores Ivanilda Brito\u00a0 e Djalma Rossi.<br \/>\nO Semin\u00e1rio Internacional \u201cA crise econ\u00f4mica global e o mundo do trabalho\u201d abriu o 4\u00ba Congresso Nacional da Central dos Trabalhadores e Trabalhadoras do Brasil (CTB), no dia 24 de agosto, com a participa\u00e7\u00e3o de sindicalistas de 35 pa\u00edses. Os tr\u00eas dias de Congresso contou com uma ampla programa\u00e7\u00e3o e com ricos debates. \u00a0O atual cen\u00e1rio pol\u00edtico e econ\u00f4mico do pa\u00eds e os preju\u00edz<a href=\"http:\/\/www.sindsaudeba.org.br\/novo\/wp-content\/uploads\/2017\/08\/site31.jpg\"><img loading=\"lazy\" class=\"alignleft size-medium wp-image-8757\" src=\"http:\/\/www.sindsaudeba.org.br\/novo\/wp-content\/uploads\/2017\/08\/site31-300x200.jpg\" alt=\"site3\" width=\"300\" height=\"200\" \/><\/a>os que a agenda neoliberal do governo de Michel Temer imp\u00f5e aos brasileiros e brasileiras, ganharam destaque, assim como as reformas trabalhista e previdenci\u00e1ria.<br \/>\nEm seu pronunciamento, o presidente do Sindsa\u00fade falou sobre a import\u00e2ncia da defesa do SUS e da luta da entidade contra a privatiza\u00e7\u00e3o da sa\u00fade p\u00fablica, bem como os impactos negativos das reformas trabalhista e da previd\u00eancia.<br \/>\n&nbsp;<br \/>\nSilvio Roberto tamb\u00e9m criticou a interven\u00e7\u00e3o do governo do estado que suspendeu as contribui\u00e7\u00f5es dos trabalhadores das entidades representativas do servi\u00e7o p\u00fablico. Ele solicitou a elabora\u00e7\u00e3o de uma mo\u00e7\u00e3o de recomenda\u00e7\u00e3o ao governador pedindo a corre\u00e7\u00e3o imediata. O documento foi aprovado por unanimidade.<br \/>\nOs diretores do Sinds<a href=\"http:\/\/www.sindsaudeba.org.br\/novo\/wp-content\/uploads\/2017\/08\/site15.jpg\"><img loading=\"lazy\" class=\"alignleft size-medium wp-image-8755\" src=\"http:\/\/www.sindsaudeba.org.br\/novo\/wp-content\/uploads\/2017\/08\/site15-300x200.jpg\" alt=\"site1\" width=\"300\" height=\"200\" \/><\/a>a\u00fade aproveitaram a presen\u00e7a do representante da Organiza\u00e7\u00e3o Internacional do Trabalho, Peter <em>Poschen<\/em>, para falar sobre as demandas do setor p\u00fablico de sa\u00fade na Bahia. O representante do \u00f3rg\u00e3o se comprometeu em dar os encaminhamentos poss\u00edveis.<br \/>\n&nbsp;<br \/>\n&nbsp;<br \/>\n&nbsp;<br \/>\n<a href=\"http:\/\/www.sindsaudeba.org.br\/novo\/wp-content\/uploads\/2017\/08\/site4.jpg\"><img loading=\"lazy\" class=\"alignleft size-medium wp-image-8758\" src=\"http:\/\/www.sindsaudeba.org.br\/novo\/wp-content\/uploads\/2017\/08\/site4-300x200.jpg\" alt=\"site4\" width=\"300\" height=\"200\" \/><\/a><br \/>\n&nbsp;<\/p>\n","protected":false},"excerpt":{"rendered":"<p>Temas relevantes sobre direito do trabalho e organiza\u00e7\u00e3o sindical nortearam os debates do 4\u00ba Congresso Nacional da CTB, realizados entre os dias 24 e 26 de agosto, em Salvador. O evento contou com a participa\u00e7\u00e3o de cerca de 1,2 mil delegados e delegadas do Brasil&#8230;<\/p>\n","protected":false},"author":2,"featured_media":8753,"comment_status":"closed","ping_status":"open","sticky":false,"template":"","format":"standard","meta":[],"categories":[11],"tags":[],"amp_validity":null,"amp_enabled":true,"_links":{"self":[{"href":"https:\/\/sindsaudeba.org.br\/portal\/wp-json\/wp\/v2\/posts\/8752"}],"collection":[{"href":"https:\/\/sindsaudeba.org.br\/portal\/wp-json\/wp\/v2\/posts"}],"about":[{"href":"https:\/\/sindsaudeba.org.br\/portal\/wp-json\/wp\/v2\/types\/post"}],"author":[{"embeddable":true,"href":"https:\/\/sindsaudeba.org.br\/portal\/wp-json\/wp\/v2\/users\/2"}],"replies":[{"embeddable":true,"href":"https:\/\/sindsaudeba.org.br\/portal\/wp-json\/wp\/v2\/comments?post=8752"}],"version-history":[{"count":1,"href":"https:\/\/sindsaudeba.org.br\/portal\/wp-json\/wp\/v2\/posts\/8752\/revisions"}],"predecessor-version":[{"id":13591,"href":"https:\/\/sindsaudeba.org.br\/portal\/wp-json\/wp\/v2\/posts\/8752\/revisions\/13591"}],"wp:featuredmedia":[{"embeddable":true,"href":"https:\/\/sindsaudeba.org.br\/portal\/wp-json\/wp\/v2\/media\/8753"}],"wp:attachment":[{"href":"https:\/\/sindsaudeba.org.br\/portal\/wp-json\/wp\/v2\/media?parent=8752"}],"wp:term":[{"taxonomy":"category","embeddable":true,"href":"https:\/\/sindsaudeba.org.br\/portal\/wp-json\/wp\/v2\/categories?post=8752"},{"taxonomy":"post_tag","embeddable":true,"href":"https:\/\/sindsaudeba.org.br\/portal\/wp-json\/wp\/v2\/tags?post=8752"}],"curies":[{"name":"wp","href":"https:\/\/api.w.org\/{rel}","templated":true}]}}