{"id":8749,"date":"2017-08-31T11:26:29","date_gmt":"2017-08-31T14:26:29","guid":{"rendered":"http:\/\/www.sindsaudeba.org.br\/novo\/?p=8749"},"modified":"2019-12-13T17:45:23","modified_gmt":"2019-12-13T20:45:23","slug":"nota-de-pesar-3","status":"publish","type":"post","link":"https:\/\/sindsaudeba.org.br\/portal\/blog\/nota-de-pesar-3\/","title":{"rendered":"Nota de pesar"},"content":{"rendered":"<p><a href=\"http:\/\/www.sindsaudeba.org.br\/novo\/wp-content\/uploads\/2017\/08\/pesar.jpg\"><img loading=\"lazy\" class=\"alignleft  wp-image-8750\" src=\"http:\/\/www.sindsaudeba.org.br\/novo\/wp-content\/uploads\/2017\/08\/pesar-300x300.jpg\" alt=\"pesar\" width=\"214\" height=\"214\" \/><\/a>O Sindsa\u00fade lamenta o falecimento do servidor e bioqu\u00edmico Ant\u00f4nio Jos\u00e9 Alves Lima. Ele trabalhava na 2\u00aa Dires e era sindicalizado ao Sindsa\u00fade desde a funda\u00e7\u00e3o da entidade. O servidor foi sepultado na quarta-feira, 30 de agosto. Toda nossa solidariedade e ora\u00e7\u00e3o aos familiares do servidor neste momento de luto.<\/p>\n","protected":false},"excerpt":{"rendered":"<p>O Sindsa\u00fade lamenta o falecimento do servidor e bioqu\u00edmico Ant\u00f4nio Jos\u00e9 Alves Lima. Ele trabalhava na 2\u00aa Dires e era sindicalizado ao Sindsa\u00fade desde a funda\u00e7\u00e3o da entidade. O servidor foi sepultado na quarta-feira, 30 de agosto. Toda nossa solidariedade e ora\u00e7\u00e3o aos familiares do&#8230;<\/p>\n","protected":false},"author":2,"featured_media":8750,"comment_status":"closed","ping_status":"open","sticky":false,"template":"","format":"standard","meta":[],"categories":[9],"tags":[],"amp_validity":null,"amp_enabled":true,"_links":{"self":[{"href":"https:\/\/sindsaudeba.org.br\/portal\/wp-json\/wp\/v2\/posts\/8749"}],"collection":[{"href":"https:\/\/sindsaudeba.org.br\/portal\/wp-json\/wp\/v2\/posts"}],"about":[{"href":"https:\/\/sindsaudeba.org.br\/portal\/wp-json\/wp\/v2\/types\/post"}],"author":[{"embeddable":true,"href":"https:\/\/sindsaudeba.org.br\/portal\/wp-json\/wp\/v2\/users\/2"}],"replies":[{"embeddable":true,"href":"https:\/\/sindsaudeba.org.br\/portal\/wp-json\/wp\/v2\/comments?post=8749"}],"version-history":[{"count":1,"href":"https:\/\/sindsaudeba.org.br\/portal\/wp-json\/wp\/v2\/posts\/8749\/revisions"}],"predecessor-version":[{"id":13592,"href":"https:\/\/sindsaudeba.org.br\/portal\/wp-json\/wp\/v2\/posts\/8749\/revisions\/13592"}],"wp:featuredmedia":[{"embeddable":true,"href":"https:\/\/sindsaudeba.org.br\/portal\/wp-json\/wp\/v2\/media\/8750"}],"wp:attachment":[{"href":"https:\/\/sindsaudeba.org.br\/portal\/wp-json\/wp\/v2\/media?parent=8749"}],"wp:term":[{"taxonomy":"category","embeddable":true,"href":"https:\/\/sindsaudeba.org.br\/portal\/wp-json\/wp\/v2\/categories?post=8749"},{"taxonomy":"post_tag","embeddable":true,"href":"https:\/\/sindsaudeba.org.br\/portal\/wp-json\/wp\/v2\/tags?post=8749"}],"curies":[{"name":"wp","href":"https:\/\/api.w.org\/{rel}","templated":true}]}}