{"id":8732,"date":"2017-08-25T10:42:05","date_gmt":"2017-08-25T13:42:05","guid":{"rendered":"http:\/\/www.sindsaudeba.org.br\/novo\/?p=8732"},"modified":"2019-12-13T17:45:24","modified_gmt":"2019-12-13T20:45:24","slug":"nota-de-pesar-pelas-vitimas-do-acidente-na-baia-de-todos-os-santos","status":"publish","type":"post","link":"https:\/\/sindsaudeba.org.br\/portal\/blog\/nota-de-pesar-pelas-vitimas-do-acidente-na-baia-de-todos-os-santos\/","title":{"rendered":"Nota de Pesar pelas v\u00edtimas do acidente na Ba\u00eda de Todos os Santos"},"content":{"rendered":"<p><a href=\"http:\/\/www.sindsaudeba.org.br\/novo\/wp-content\/uploads\/2017\/08\/mar-grande2.jpg\"><img loading=\"lazy\" class=\"alignleft size-medium wp-image-8733\" src=\"http:\/\/www.sindsaudeba.org.br\/novo\/wp-content\/uploads\/2017\/08\/mar-grande2-300x230.jpg\" alt=\"mar grande2\" width=\"300\" height=\"230\" \/><\/a>A Diretoria do Sindsa\u00fade lamenta com grande pesar o acidente ocorrido em durante a travessia Mar grande\/Salvador, na Ba\u00eda de Todos os Santos, na manh\u00e3 desta quinta-feira, 24 de agosto. Toda nossa solidariedade e ora\u00e7\u00f5es\u00a0 para os familiares das v\u00edtimas neste momento de dor e luto para os baianos.<br \/>\n&nbsp;<\/p>\n","protected":false},"excerpt":{"rendered":"<p>A Diretoria do Sindsa\u00fade lamenta com grande pesar o acidente ocorrido em durante a travessia Mar grande\/Salvador, na Ba\u00eda de Todos os Santos, na manh\u00e3 desta quinta-feira, 24 de agosto. Toda nossa solidariedade e ora\u00e7\u00f5es\u00a0 para os familiares das v\u00edtimas neste momento de dor e&#8230;<\/p>\n","protected":false},"author":2,"featured_media":8733,"comment_status":"closed","ping_status":"open","sticky":false,"template":"","format":"standard","meta":[],"categories":[11],"tags":[],"amp_validity":null,"amp_enabled":true,"_links":{"self":[{"href":"https:\/\/sindsaudeba.org.br\/portal\/wp-json\/wp\/v2\/posts\/8732"}],"collection":[{"href":"https:\/\/sindsaudeba.org.br\/portal\/wp-json\/wp\/v2\/posts"}],"about":[{"href":"https:\/\/sindsaudeba.org.br\/portal\/wp-json\/wp\/v2\/types\/post"}],"author":[{"embeddable":true,"href":"https:\/\/sindsaudeba.org.br\/portal\/wp-json\/wp\/v2\/users\/2"}],"replies":[{"embeddable":true,"href":"https:\/\/sindsaudeba.org.br\/portal\/wp-json\/wp\/v2\/comments?post=8732"}],"version-history":[{"count":1,"href":"https:\/\/sindsaudeba.org.br\/portal\/wp-json\/wp\/v2\/posts\/8732\/revisions"}],"predecessor-version":[{"id":13597,"href":"https:\/\/sindsaudeba.org.br\/portal\/wp-json\/wp\/v2\/posts\/8732\/revisions\/13597"}],"wp:featuredmedia":[{"embeddable":true,"href":"https:\/\/sindsaudeba.org.br\/portal\/wp-json\/wp\/v2\/media\/8733"}],"wp:attachment":[{"href":"https:\/\/sindsaudeba.org.br\/portal\/wp-json\/wp\/v2\/media?parent=8732"}],"wp:term":[{"taxonomy":"category","embeddable":true,"href":"https:\/\/sindsaudeba.org.br\/portal\/wp-json\/wp\/v2\/categories?post=8732"},{"taxonomy":"post_tag","embeddable":true,"href":"https:\/\/sindsaudeba.org.br\/portal\/wp-json\/wp\/v2\/tags?post=8732"}],"curies":[{"name":"wp","href":"https:\/\/api.w.org\/{rel}","templated":true}]}}