{"id":8728,"date":"2017-08-24T15:32:24","date_gmt":"2017-08-24T18:32:24","guid":{"rendered":"http:\/\/www.sindsaudeba.org.br\/novo\/?p=8728"},"modified":"2019-12-13T17:45:24","modified_gmt":"2019-12-13T20:45:24","slug":"sindsaude-se-reune-com-servidores-da-suregs-e-auditoria-para-discutir-mudanca-do-predio-que-sofreu-incendio","status":"publish","type":"post","link":"https:\/\/sindsaudeba.org.br\/portal\/blog\/sindsaude-se-reune-com-servidores-da-suregs-e-auditoria-para-discutir-mudanca-do-predio-que-sofreu-incendio\/","title":{"rendered":"Sindsa\u00fade se re\u00fane com servidores da Suregs e auditoria para discutir mudan\u00e7a do pr\u00e9dio que sofreu inc\u00eandio"},"content":{"rendered":"<p class=\"x_MsoNormal\"><a href=\"http:\/\/www.sindsaudeba.org.br\/novo\/wp-content\/uploads\/2017\/08\/site13.jpg\"><img loading=\"lazy\" class=\"alignleft size-medium wp-image-8729\" src=\"http:\/\/www.sindsaudeba.org.br\/novo\/wp-content\/uploads\/2017\/08\/site13-300x169.jpg\" alt=\"site1\" width=\"300\" height=\"169\" \/><\/a>O Sindsa\u00fade, representado pela vice-presidente Tereza Deir\u00f3, reuniu-se com os trabalhadores da Superintend\u00eancia de Gest\u00e3o dos Sistemas de Regula\u00e7\u00e3o da Aten\u00e7\u00e3o \u00e0 Sa\u00fade (SUREGS) e da Auditoria em Sa\u00fade, na ter\u00e7a-feira, 22 de agosto, para dar continuidade \u00e0s discuss\u00f5es continuidade ao\u00a0processo de mudan\u00e7a do pr\u00e9dio que sofreu o inc\u00eandio.<\/p>\n<p class=\"x_MsoNormal\">\u00a0Durante a reuni\u00e3o foram apresentadas as possibilidades de pr\u00e9dios p\u00fablicos que possam abrigar temporariamente os trabalhadores, entre eles o Instituto An\u00edsio Teixeira, Museu de Ci\u00eancia e Tecnologia (MTC) e parte do pr\u00e9dio da secretaria da Educa\u00e7\u00e3o, no subsolo. Ap\u00f3s ampla discuss\u00e3o, os trabalhadores e o Sindsa\u00fade decidiram compor, com mais sete membros, a comiss\u00e3o j\u00e1 existente, com o objetivo de realizar as visita aos locais esta semana. Caso considerem que oferecem condi\u00e7\u00f5es dignas de trabalho, cobrar\u00e3o da gest\u00e3o agilidade na adequa\u00e7\u00e3o dos espa\u00e7os.<\/p>\n<p class=\"x_MsoNormal\"><a href=\"http:\/\/www.sindsaudeba.org.br\/novo\/wp-content\/uploads\/2017\/08\/site21.jpg\"><img loading=\"lazy\" class=\"alignleft size-medium wp-image-8730\" src=\"http:\/\/www.sindsaudeba.org.br\/novo\/wp-content\/uploads\/2017\/08\/site21-300x169.jpg\" alt=\"site2\" width=\"300\" height=\"169\" \/><\/a>Nesta ter\u00e7a-feira, a visita aconteceu no MCT. Os outros locais ser\u00e3o avaliados pela comiss\u00e3o em visita nesta quinta-feira. Na sexta-feira, 25, dever\u00e1 acontecer nova reuni\u00e3o com os trabalhadores para avaliar se tais possibilidades se concretizam e j\u00e1 se encaminha para adequa\u00e7\u00e3o dos locais e mudan\u00e7a imediata.<\/p>\n<p class=\"x_MsoNormal\">Tereza Deir\u00f3 e a Comiss\u00e3o estiveram no gabinete do Secretario e foram recebidos pelo assessor, C\u00e1ssio Garcia, que se comprometeu em agendar a presen\u00e7a de algum representante da gest\u00e3o para acompanhar as visitas aos pr\u00e9dios, bem como de fazer a interlocu\u00e7\u00e3o com o assessor da Sesab Diego Alvarez, para buscar novas possibilidades de locais. A expectativa \u00e9 que at\u00e9 o final da semana seja definida a reloca\u00e7\u00e3o dos cerca de 140 servidores da SUREGS.<\/p>\n<p class=\"x_MsoNormal\">O Sindsa\u00fade juntamente com o Sindimed tamb\u00e9m estar\u00e3o verificando local digno para a reloca\u00e7\u00e3o dos servidores auditores do Sesab, devendo assim promover a sa\u00edda de todos os servidores do pr\u00e9dio que ser\u00e1 reformado, a fim de abrigar de forma adequada e em condi\u00e7\u00f5es humanizadas e dignas de trabalho, todos esses trabalhadores que ficaram esses tr\u00eas anos submetidos \u00e0 condi\u00e7\u00f5es \u00a0prec\u00e1rias \u00a0e de risco.<\/p>\n<p class=\"x_MsoNormal\">As informa\u00e7\u00f5es da assessoria do gabinete do secretario \u00e9 de que o processo para licita\u00e7\u00e3o da reforma do pr\u00e9dio j\u00e1 se encontra na Procuradoria Geral do Estado (PGE) para an\u00e1lise, devendo retornar \u00e0 Sesab para publica\u00e7\u00e3o no Di\u00e1rio Oficial, possivelmente ainda este m\u00eas.<\/p>\n","protected":false},"excerpt":{"rendered":"<p>O Sindsa\u00fade, representado pela vice-presidente Tereza Deir\u00f3, reuniu-se com os trabalhadores da Superintend\u00eancia de Gest\u00e3o dos Sistemas de Regula\u00e7\u00e3o da Aten\u00e7\u00e3o \u00e0 Sa\u00fade (SUREGS) e da Auditoria em Sa\u00fade, na ter\u00e7a-feira, 22 de agosto, para dar continuidade \u00e0s discuss\u00f5es continuidade ao\u00a0processo de mudan\u00e7a do pr\u00e9dio&#8230;<\/p>\n","protected":false},"author":2,"featured_media":8729,"comment_status":"closed","ping_status":"open","sticky":false,"template":"","format":"standard","meta":[],"categories":[11],"tags":[],"amp_validity":null,"amp_enabled":true,"_links":{"self":[{"href":"https:\/\/sindsaudeba.org.br\/portal\/wp-json\/wp\/v2\/posts\/8728"}],"collection":[{"href":"https:\/\/sindsaudeba.org.br\/portal\/wp-json\/wp\/v2\/posts"}],"about":[{"href":"https:\/\/sindsaudeba.org.br\/portal\/wp-json\/wp\/v2\/types\/post"}],"author":[{"embeddable":true,"href":"https:\/\/sindsaudeba.org.br\/portal\/wp-json\/wp\/v2\/users\/2"}],"replies":[{"embeddable":true,"href":"https:\/\/sindsaudeba.org.br\/portal\/wp-json\/wp\/v2\/comments?post=8728"}],"version-history":[{"count":1,"href":"https:\/\/sindsaudeba.org.br\/portal\/wp-json\/wp\/v2\/posts\/8728\/revisions"}],"predecessor-version":[{"id":13598,"href":"https:\/\/sindsaudeba.org.br\/portal\/wp-json\/wp\/v2\/posts\/8728\/revisions\/13598"}],"wp:featuredmedia":[{"embeddable":true,"href":"https:\/\/sindsaudeba.org.br\/portal\/wp-json\/wp\/v2\/media\/8729"}],"wp:attachment":[{"href":"https:\/\/sindsaudeba.org.br\/portal\/wp-json\/wp\/v2\/media?parent=8728"}],"wp:term":[{"taxonomy":"category","embeddable":true,"href":"https:\/\/sindsaudeba.org.br\/portal\/wp-json\/wp\/v2\/categories?post=8728"},{"taxonomy":"post_tag","embeddable":true,"href":"https:\/\/sindsaudeba.org.br\/portal\/wp-json\/wp\/v2\/tags?post=8728"}],"curies":[{"name":"wp","href":"https:\/\/api.w.org\/{rel}","templated":true}]}}