{"id":8707,"date":"2017-08-21T11:21:06","date_gmt":"2017-08-21T14:21:06","guid":{"rendered":"http:\/\/www.sindsaudeba.org.br\/novo\/?p=8707"},"modified":"2019-12-13T17:45:24","modified_gmt":"2019-12-13T20:45:24","slug":"em-assembleia-servidores-da-saude-lotados-no-antigo-predio-da-secretaria-de-justica-aprovam-locais-para-onde-serao-transferidos","status":"publish","type":"post","link":"https:\/\/sindsaudeba.org.br\/portal\/blog\/em-assembleia-servidores-da-saude-lotados-no-antigo-predio-da-secretaria-de-justica-aprovam-locais-para-onde-serao-transferidos\/","title":{"rendered":"Em assembleia, servidores da sa\u00fade lotados no antigo pr\u00e9dio da Secretaria de Justi\u00e7a,  aprovam locais para onde ser\u00e3o transferidos"},"content":{"rendered":"<div id=\"attachment_8708\" style=\"width: 310px\" class=\"wp-caption alignleft\"><a href=\"http:\/\/www.sindsaudeba.org.br\/novo\/wp-content\/uploads\/2017\/08\/DSC_0231-copy.jpg\"><img aria-describedby=\"caption-attachment-8708\" loading=\"lazy\" class=\"wp-image-8708 size-medium\" src=\"http:\/\/www.sindsaudeba.org.br\/novo\/wp-content\/uploads\/2017\/08\/DSC_0231-copy-300x200.jpg\" alt=\"DSC_0231 copy\" width=\"300\" height=\"200\" \/><\/a><p id=\"caption-attachment-8708\" class=\"wp-caption-text\">Fotos: Jo\u00e3o Ubaldo<\/p><\/div><br \/>\nServidores lotados no pr\u00e9dio Sesab, antiga Secretaria de Justi\u00e7a, que sofreu inc\u00eandio em 2014, conquistaram a primeira vit\u00f3ria para a transfer\u00eancia do im\u00f3vel que sofreu inc\u00eandio em 2014.Em assembleia representativa realizada na sexta-feira (18\/8), os trabalhadores aprovaram a ida para os pr\u00e9dios p\u00fablicos disponibilizados pelo governo do Estado. A assembleia foi conduzida pela vice-presidente do Sindsa\u00fade Tereza Deir\u00f3, com as presen\u00e7as do presidente Silvio Roberto dos Anjos e Silva, do presidente do Sindimed, Francisco Magalh\u00e3es e assessores da Sesab.<br \/>\nTereza Deir\u00f3 explicou que a comiss\u00e3o realizou visitas a diversos im\u00f3veis apresentados pela Sesab e sugeridos pelos trabalhadores para a realiza\u00e7\u00e3o da mudan\u00e7a. Foi deliberado que os trabalhadores da Superintend\u00eancia\u00a0de\u00a0Assist\u00eancia Farmac\u00eautica, Ci\u00eancia e Tecnologia em Sa\u00fade \u2013\u00a0SAFTEC ser\u00e3o relocados para a Diretoria de Informa\u00e7\u00e3o em Sa\u00fade (DIS), na Avenida ACM. A Sesab realizar\u00e1 pequenas interven\u00e7\u00f5es no local \u00a0e a \u00a0mudan\u00e7a dever\u00e1 ocorrer ainda esta semana.<br \/>\n<a href=\"http:\/\/www.sindsaudeba.org.br\/novo\/wp-content\/uploads\/2017\/08\/DSC_0257-copy.jpg\"><img loading=\"lazy\" class=\"alignleft size-medium wp-image-8709\" src=\"http:\/\/www.sindsaudeba.org.br\/novo\/wp-content\/uploads\/2017\/08\/DSC_0257-copy-300x200.jpg\" alt=\"DSC_0257 copy\" width=\"300\" height=\"200\" \/><\/a>J\u00e1 os servidores que trabalham no N\u00facleo Regional de Sa\u00fade Leste (NRSL) aprovaram a ida para Museu de Ci\u00eancias e Tecnologia, localizado na Avenida Jorge Amado. O im\u00f3vel tamb\u00e9m necessitar\u00e1 de adequa\u00e7\u00f5es para funcionamento do setor, como a instala\u00e7\u00e3o de divis\u00f3rias, climatiza\u00e7\u00e3o e reparos nas instala\u00e7\u00f5es el\u00e9tricas e internet. A gest\u00e3o da Sesab se comprometeu em entregar \u00e0 comiss\u00e3o formada por trabalhadores e Sindsa\u00fade o cronograma das interven\u00e7\u00f5es e da data prevista para mudan\u00e7a que dever\u00e1 ocorrer o mais breve poss\u00edvel.<br \/>\nO assessor do gabinete Diego Alvarez garantiu que j\u00e1 tinha sido enviado \u00e0 Procuradoria Geral do Estado (PGE) o processo de licita\u00e7\u00e3o para o in\u00edcio da reforma do im\u00f3vel, que dever\u00e1 durar, em m\u00e9dia, seis meses.<br \/>\nO Sindsa\u00fade convocou uma reuni\u00e3o com servidores Superintend\u00eancia de Gest\u00e3o dos Sistemas de Regula\u00e7\u00e3o da Aten\u00e7\u00e3o \u00e0 Sa\u00fade (SUREGS) e da Auditoria em Sa\u00fade, nesta ter\u00e7a-feira, 22 de agosto, \u00e0s 8h30 para dar sequ\u00eancia \u00e0s discuss\u00f5es sobre a evacua\u00e7\u00e3o do pr\u00e9dio anexo da Sesab.<br \/>\nO Sindsa\u00fade e os (as) servidores (as) reiteram que apesar do laudo do engenheiro estruturalista n\u00e3o atestar risco de desabamento, o im\u00f3vel possui instala\u00e7\u00f5es el\u00e9tricas prec\u00e1rias, com sobrecarga de uso de energia, constatada pela queima de v\u00e1rios equipamentos, o que pode ocasionar um curto-circuito e, consequentemente, um novo inc\u00eandio. Tamb\u00e9m existe o comprometimento dos andares atingidos pelo inc\u00eandio, com riscos de desprendimento de partes de reboco, vidros quebrados e fuligem.<br \/>\n&nbsp;<\/p>\n","protected":false},"excerpt":{"rendered":"<p>Servidores lotados no pr\u00e9dio Sesab, antiga Secretaria de Justi\u00e7a, que sofreu inc\u00eandio em 2014, conquistaram a primeira vit\u00f3ria para a transfer\u00eancia do im\u00f3vel que sofreu inc\u00eandio em 2014.Em assembleia representativa realizada na sexta-feira (18\/8), os trabalhadores aprovaram a ida para os pr\u00e9dios p\u00fablicos disponibilizados pelo&#8230;<\/p>\n","protected":false},"author":2,"featured_media":8709,"comment_status":"closed","ping_status":"open","sticky":false,"template":"","format":"standard","meta":[],"categories":[11],"tags":[],"amp_validity":null,"amp_enabled":true,"_links":{"self":[{"href":"https:\/\/sindsaudeba.org.br\/portal\/wp-json\/wp\/v2\/posts\/8707"}],"collection":[{"href":"https:\/\/sindsaudeba.org.br\/portal\/wp-json\/wp\/v2\/posts"}],"about":[{"href":"https:\/\/sindsaudeba.org.br\/portal\/wp-json\/wp\/v2\/types\/post"}],"author":[{"embeddable":true,"href":"https:\/\/sindsaudeba.org.br\/portal\/wp-json\/wp\/v2\/users\/2"}],"replies":[{"embeddable":true,"href":"https:\/\/sindsaudeba.org.br\/portal\/wp-json\/wp\/v2\/comments?post=8707"}],"version-history":[{"count":1,"href":"https:\/\/sindsaudeba.org.br\/portal\/wp-json\/wp\/v2\/posts\/8707\/revisions"}],"predecessor-version":[{"id":13600,"href":"https:\/\/sindsaudeba.org.br\/portal\/wp-json\/wp\/v2\/posts\/8707\/revisions\/13600"}],"wp:featuredmedia":[{"embeddable":true,"href":"https:\/\/sindsaudeba.org.br\/portal\/wp-json\/wp\/v2\/media\/8709"}],"wp:attachment":[{"href":"https:\/\/sindsaudeba.org.br\/portal\/wp-json\/wp\/v2\/media?parent=8707"}],"wp:term":[{"taxonomy":"category","embeddable":true,"href":"https:\/\/sindsaudeba.org.br\/portal\/wp-json\/wp\/v2\/categories?post=8707"},{"taxonomy":"post_tag","embeddable":true,"href":"https:\/\/sindsaudeba.org.br\/portal\/wp-json\/wp\/v2\/tags?post=8707"}],"curies":[{"name":"wp","href":"https:\/\/api.w.org\/{rel}","templated":true}]}}