{"id":8679,"date":"2017-08-09T11:31:11","date_gmt":"2017-08-09T14:31:11","guid":{"rendered":"http:\/\/www.sindsaudeba.org.br\/novo\/?p=8679"},"modified":"2019-12-13T17:45:24","modified_gmt":"2019-12-13T20:45:24","slug":"presidente-do-sindsaude-participa-de-conferencia-municipal-de-saude-de-ibotirama","status":"publish","type":"post","link":"https:\/\/sindsaudeba.org.br\/portal\/blog\/presidente-do-sindsaude-participa-de-conferencia-municipal-de-saude-de-ibotirama\/","title":{"rendered":"Presidente do Sindsa\u00fade participa de  Confer\u00eancia Municipal de Sa\u00fade de Ibotirama"},"content":{"rendered":"<p><a href=\"http:\/\/www.sindsaudeba.org.br\/novo\/wp-content\/uploads\/2017\/08\/20767890_1931919133717272_1413938874152954515_n.jpg\"><img loading=\"lazy\" class=\"alignleft size-medium wp-image-8680\" src=\"http:\/\/www.sindsaudeba.org.br\/novo\/wp-content\/uploads\/2017\/08\/20767890_1931919133717272_1413938874152954515_n-300x198.jpg\" alt=\"20767890_1931919133717272_1413938874152954515_n\" width=\"300\" height=\"198\" \/><\/a>O presidente do Sindsa\u00fade e membro do Conselho Estadual de Sa\u00fade Silvio Roberto dos Anjos e Silva, participou como palestrante da V Confer\u00eancia Municipal de Sa\u00fade de Ibotirama, no dia 9 de julho.<br \/>\nCom o tema \u201cAten\u00e7\u00e3o \u00e0 sa\u00fade integral e humanizada: Um compromisso de todos\u201d, o evento foi realizado no CETEP Velho Chico, reunindo trabalhadores da sa\u00fade, usu\u00e1rios dos servi\u00e7os, representantes do poder executivo e legislativo e de associa\u00e7\u00f5es e sindicatos.<br \/>\n<a href=\"http:\/\/www.sindsaudeba.org.br\/novo\/wp-content\/uploads\/2017\/08\/20663934_1931918903717295_4187306120812924551_n.jpg\"><img loading=\"lazy\" class=\"alignleft size-medium wp-image-8682\" src=\"http:\/\/www.sindsaudeba.org.br\/novo\/wp-content\/uploads\/2017\/08\/20663934_1931918903717295_4187306120812924551_n-300x198.jpg\" alt=\"20663934_1931918903717295_4187306120812924551_n\" width=\"300\" height=\"198\" \/><\/a><br \/>\nA Confer\u00eancia teve como objetivo avaliar a situa\u00e7\u00e3o da sa\u00fade na cidade e propor as diretrizes para a formula\u00e7\u00e3o de pol\u00edticas p\u00fablicas que nortear\u00e1 o planejamento e defini\u00e7\u00e3o das a\u00e7\u00f5es e metas priorit\u00e1rias que compor\u00e3o o Plano Municipal de Sa\u00fade de Ibotirama entre os anos 2018 a 2021.<br \/>\n<a href=\"http:\/\/www.sindsaudeba.org.br\/novo\/wp-content\/uploads\/2017\/08\/20663920_1931918840383968_1707768703137391557_n.jpg\"><img loading=\"lazy\" class=\"alignleft size-medium wp-image-8681\" src=\"http:\/\/www.sindsaudeba.org.br\/novo\/wp-content\/uploads\/2017\/08\/20663920_1931918840383968_1707768703137391557_n-300x198.jpg\" alt=\"20663920_1931918840383968_1707768703137391557_n\" width=\"300\" height=\"198\" \/><\/a>O presidente do Sindsa\u00fade ressaltou em sua apresenta\u00e7\u00e3o as diretrizes que norteiam a elabora\u00e7\u00e3o do Plano. Dentre elas, a necessidade de assegurar o acesso universal \u00e0s a\u00e7\u00f5es e servi\u00e7os de sa\u00fade integrais e de qualidade para a popula\u00e7\u00e3o, e o fortalecimento dos espa\u00e7os de participa\u00e7\u00e3o social em todas as pol\u00edticas p\u00fablicas, especialmente as confer\u00eancias e conselhos, garantindo independ\u00eancia e o car\u00e1ter deliberativo dos conselhos de sa\u00fade.<br \/>\n&nbsp;<br \/>\nTamb\u00e9m s\u00e3o diretrizes a garantia de financiamento est\u00e1vel e sustent\u00e1vel para o SUS e o fortalecimento da gest\u00e3o regionalizada, compartilhada e interfederativa do SUS.<br \/>\n&nbsp;<br \/>\nA Confer\u00eancia de Sa\u00fade \u00e9 um espa\u00e7o p\u00fablico de debates, onde se exerce a democracia participativa, ou seja, s\u00e3o espa\u00e7os onde diversos setores da sociedade discutem e apontam solu\u00e7\u00f5es para os problemas que envolvem a sa\u00fade da popula\u00e7\u00e3o.<br \/>\n&nbsp;<\/p>\n","protected":false},"excerpt":{"rendered":"<p>O presidente do Sindsa\u00fade e membro do Conselho Estadual de Sa\u00fade Silvio Roberto dos Anjos e Silva, participou como palestrante da V Confer\u00eancia Municipal de Sa\u00fade de Ibotirama, no dia 9 de julho. Com o tema \u201cAten\u00e7\u00e3o \u00e0 sa\u00fade integral e humanizada: Um compromisso de&#8230;<\/p>\n","protected":false},"author":2,"featured_media":8681,"comment_status":"closed","ping_status":"open","sticky":false,"template":"","format":"standard","meta":[],"categories":[9,10],"tags":[],"amp_validity":null,"amp_enabled":true,"_links":{"self":[{"href":"https:\/\/sindsaudeba.org.br\/portal\/wp-json\/wp\/v2\/posts\/8679"}],"collection":[{"href":"https:\/\/sindsaudeba.org.br\/portal\/wp-json\/wp\/v2\/posts"}],"about":[{"href":"https:\/\/sindsaudeba.org.br\/portal\/wp-json\/wp\/v2\/types\/post"}],"author":[{"embeddable":true,"href":"https:\/\/sindsaudeba.org.br\/portal\/wp-json\/wp\/v2\/users\/2"}],"replies":[{"embeddable":true,"href":"https:\/\/sindsaudeba.org.br\/portal\/wp-json\/wp\/v2\/comments?post=8679"}],"version-history":[{"count":1,"href":"https:\/\/sindsaudeba.org.br\/portal\/wp-json\/wp\/v2\/posts\/8679\/revisions"}],"predecessor-version":[{"id":13608,"href":"https:\/\/sindsaudeba.org.br\/portal\/wp-json\/wp\/v2\/posts\/8679\/revisions\/13608"}],"wp:featuredmedia":[{"embeddable":true,"href":"https:\/\/sindsaudeba.org.br\/portal\/wp-json\/wp\/v2\/media\/8681"}],"wp:attachment":[{"href":"https:\/\/sindsaudeba.org.br\/portal\/wp-json\/wp\/v2\/media?parent=8679"}],"wp:term":[{"taxonomy":"category","embeddable":true,"href":"https:\/\/sindsaudeba.org.br\/portal\/wp-json\/wp\/v2\/categories?post=8679"},{"taxonomy":"post_tag","embeddable":true,"href":"https:\/\/sindsaudeba.org.br\/portal\/wp-json\/wp\/v2\/tags?post=8679"}],"curies":[{"name":"wp","href":"https:\/\/api.w.org\/{rel}","templated":true}]}}