{"id":8673,"date":"2017-08-10T21:56:51","date_gmt":"2017-08-11T00:56:51","guid":{"rendered":"http:\/\/www.sindsaudeba.org.br\/novo\/?p=8673"},"modified":"2019-12-13T17:45:24","modified_gmt":"2019-12-13T20:45:24","slug":"apos-luta-e-pressao-do-sindsaude-sesab-divulga-lista-de-promocoes-referentes-a-2015-e-2016","status":"publish","type":"post","link":"https:\/\/sindsaudeba.org.br\/portal\/blog\/apos-luta-e-pressao-do-sindsaude-sesab-divulga-lista-de-promocoes-referentes-a-2015-e-2016\/","title":{"rendered":"Ap\u00f3s luta e press\u00e3o do Sindsa\u00fade, Sesab  divulga lista de promo\u00e7\u00f5es referentes \u00e0 2015 e 2016"},"content":{"rendered":"<div>\n<a href=\"http:\/\/www.sindsaudeba.org.br\/novo\/wp-content\/uploads\/2017\/08\/promo\u00e7ao-de-classe-113.jpg\"><img loading=\"lazy\" class=\"alignleft size-medium wp-image-8674\" src=\"http:\/\/www.sindsaudeba.org.br\/novo\/wp-content\/uploads\/2017\/08\/promo\u00e7ao-de-classe-113-300x185.jpg\" alt=\"promo\u00e7ao-de-classe-113\" width=\"300\" height=\"185\" \/><\/a>Gra\u00e7as \u00e0 luta e a press\u00e3o do Sindsa\u00fade e dos servidores da sa\u00fade junto ao Governo do Estado, 1.872 servidores do grupo ocupacional sa\u00fade ser\u00e3o contemplados com a promo\u00e7\u00e3o na carreira referentes aos anos de 2015 e 2016. Com grande persist\u00eancia, o sindicato exigiu em todas as reuni\u00f5es com representantes da Sesab e a Saeb, que o governo cumpra com o pagamento da promo\u00e7\u00e3o, no tempo estabelecido, direito garantido e regulamentado no Plano de Carreiras, Cargos e Sal\u00e1rios (PCCV) da categoria (Lei 11 373\/2009). A rela\u00e7\u00e3o dos servidores que receber\u00e3o a promo\u00e7\u00e3o foi publicada no Di\u00e1rio Oficial do Estado desta quinta-feira, 10 de agosto. O decreto n\u00e3o prev\u00ea o pagamento retroativo para as promo\u00e7\u00f5es e apresenta crit\u00e9rios classificat\u00f3rios que podem postergar esse direito prejudicando os servidores. A luta do Sindsaude \u00e9 alterar o decreto no sentido de que todos que cumpram os requisitos sejam promovidos!!! Os valores dos acr\u00e9scimos\u00a0 salariais variam de 8,4 a 15,2%, e incidir\u00e3o sobre o vencimento base, dependendo do cargo exercido e da classe em que o servidor foi promovido. A Promo\u00e7\u00e3o \u00e9 definida como a passagem do servidor de uma classe para a imediatamente seguinte, com base na aquisi\u00e7\u00e3o de conhecimentos e habilidades requeridas para cada carreira, como cursos de atualiza\u00e7\u00e3o, de especializa\u00e7\u00e3o, mestrado ou doutorado.<br \/>\n<b>Progress\u00e3o devida de 2014 tem que ser paga de imediato! <\/b><br \/>\nO Sindsa\u00fade tem cobrado com persist\u00eancia \u00e0 SESAB\/SAEB a divulga\u00e7\u00e3o da lista dos aptos \u00e0 progress\u00e3o, cuja informa\u00e7\u00e3o da pr\u00f3pria SAEB, atrav\u00e9s do Superintendente de RH Adriano Tambone, s\u00e3o mais de 7000 servidores (mais de 12000 entraram com processo). Em conversa recente, o mesmo afirmou a possibilidade de divulga\u00e7\u00e3o da lista ainda este m\u00eas levando em conta o pr\u00f3prio pronunciamento do governador Rui Costa. Lembrando que se trata de progress\u00e3o devida de 2014 que os servidores fazem jus ao retroativo, conforme a Lei.<br \/>\nCabe recurso dos servidores cujos processos apresentaram alguma inconformidade, mas que venham a cumprir os requisitos. A orienta\u00e7\u00e3o do Sindsa\u00fade \u00e9 de que servidores entrem com recurso imediatamente a fim de garantir o seu direito. Ao ter acesso ao seu processo, a equipe respons\u00e1vel orientar\u00e1 o que faltou para que o trabalhador providencie, vendo cada caso. O Sindsa\u00fade possui assessoria jur\u00eddica para seus afiliados, para os casos que n\u00e3o sejam resolvidos administrativamente e diretores podem ser consultados para tirar duvidas.<br \/>\n<b>ALERTA!<\/b> Novo processo para a progress\u00e3o de 2016, tamb\u00e9m devida ao servidor, j\u00e1 est\u00e1 em vig\u00eancia, obedecendo ao decreto 16.564\/2016. Leia atentamente o decreto &#8211; O RH de sua Unidade tem o dever de lhe orientar.<\/p>\n<p class=\"x_MsoNormal\">\u00a0Para ver a lista completa da promo\u00e7\u00e3o \u00e9 s\u00f3 acessar o site do Di\u00e1rio Oficial, pesquisar a edi\u00e7\u00e3o do dia 10 de agosto de 2017, no \u00edcone &#8220;Edi\u00e7\u00f5es anteriores&#8221; A lista encontra-se a partir da pagina 40 at\u00e9 61.<\/p>\n<p class=\"x_MsoNormal\">Link:<\/p>\n<p><a href=\"http:\/\/dovirtual.ba.gov.br\/egba\/reader2\/\">http:\/\/dovirtual.ba.gov.br\/egba\/reader2\/<\/a><br \/>\n&nbsp;\n<\/div>\n","protected":false},"excerpt":{"rendered":"<p>Gra\u00e7as \u00e0 luta e a press\u00e3o do Sindsa\u00fade e dos servidores da sa\u00fade junto ao Governo do Estado, 1.872 servidores do grupo ocupacional sa\u00fade ser\u00e3o contemplados com a promo\u00e7\u00e3o na carreira referentes aos anos de 2015 e 2016. Com grande persist\u00eancia, o sindicato exigiu em&#8230;<\/p>\n","protected":false},"author":2,"featured_media":8674,"comment_status":"closed","ping_status":"open","sticky":false,"template":"","format":"standard","meta":[],"categories":[11],"tags":[],"amp_validity":null,"amp_enabled":true,"_links":{"self":[{"href":"https:\/\/sindsaudeba.org.br\/portal\/wp-json\/wp\/v2\/posts\/8673"}],"collection":[{"href":"https:\/\/sindsaudeba.org.br\/portal\/wp-json\/wp\/v2\/posts"}],"about":[{"href":"https:\/\/sindsaudeba.org.br\/portal\/wp-json\/wp\/v2\/types\/post"}],"author":[{"embeddable":true,"href":"https:\/\/sindsaudeba.org.br\/portal\/wp-json\/wp\/v2\/users\/2"}],"replies":[{"embeddable":true,"href":"https:\/\/sindsaudeba.org.br\/portal\/wp-json\/wp\/v2\/comments?post=8673"}],"version-history":[{"count":1,"href":"https:\/\/sindsaudeba.org.br\/portal\/wp-json\/wp\/v2\/posts\/8673\/revisions"}],"predecessor-version":[{"id":13607,"href":"https:\/\/sindsaudeba.org.br\/portal\/wp-json\/wp\/v2\/posts\/8673\/revisions\/13607"}],"wp:featuredmedia":[{"embeddable":true,"href":"https:\/\/sindsaudeba.org.br\/portal\/wp-json\/wp\/v2\/media\/8674"}],"wp:attachment":[{"href":"https:\/\/sindsaudeba.org.br\/portal\/wp-json\/wp\/v2\/media?parent=8673"}],"wp:term":[{"taxonomy":"category","embeddable":true,"href":"https:\/\/sindsaudeba.org.br\/portal\/wp-json\/wp\/v2\/categories?post=8673"},{"taxonomy":"post_tag","embeddable":true,"href":"https:\/\/sindsaudeba.org.br\/portal\/wp-json\/wp\/v2\/tags?post=8673"}],"curies":[{"name":"wp","href":"https:\/\/api.w.org\/{rel}","templated":true}]}}